{"id":721,"date":"2012-06-10T22:20:55","date_gmt":"2012-06-10T21:20:55","guid":{"rendered":"http:\/\/87.216.216.228\/?p=721"},"modified":"2012-09-10T20:11:33","modified_gmt":"2012-09-10T19:11:33","slug":"la-cancion-de-la-convivencia-de-sevilla","status":"publish","type":"post","link":"http:\/\/www.asociacionecas.es\/?p=721","title":{"rendered":"La cancion de la Convivencia de Sevilla"},"content":{"rendered":"<p>Os mostramos el video de la canci\u00f3n que sirvi\u00f3 de uni\u00f3n a todos los que participamos en la convivencia de Sevilla. \u00abAtame a El\u00bb del cantante Luis Alfredo.<\/p>\n<table style=\"width:auto;\">\n<tr>\n<td><a href=\"https:\/\/picasaweb.google.com\/lh\/photo\/ZK7MWYNpd_52P14ZYb1106wjsj3TBBXP3ilS-XPZQbA?feat=embedwebsite\"><img decoding=\"async\" loading=\"lazy\" src=\"https:\/\/lh3.googleusercontent.com\/-vm7RAKo61ak\/T9UDRTpkXQI\/AAAAAAAABUs\/sih4ws7pp_I\/s288\/atame%2520a%2520el%2520%25281%2529.flv.jpg\" height=\"216\" width=\"288\" \/><\/a><\/td>\n<\/tr>\n<tr>\n<td style=\"font-family:arial,sans-serif; font-size:11px; text-align:right\">De <a href=\"https:\/\/picasaweb.google.com\/114764786558455124701\/AtadoAEl?authuser=0&#038;authkey=Gv1sRgCOzr4ND86t2QSQ&#038;feat=embedwebsite\">Atado a El<\/a><\/td>\n<\/tr>\n<\/table>\n","protected":false},"excerpt":{"rendered":"<p>Os mostramos el video de la canci\u00f3n que sirvi\u00f3 de uni\u00f3n a todos los que participamos en la convivencia de Sevilla. \u00abAtame a El\u00bb del cantante Luis Alfredo. De Atado a El<\/p>\n","protected":false},"author":1,"featured_media":0,"comment_status":"closed","ping_status":"open","sticky":false,"template":"","format":"standard","meta":[],"categories":[1],"tags":[],"_links":{"self":[{"href":"http:\/\/www.asociacionecas.es\/index.php?rest_route=\/wp\/v2\/posts\/721"}],"collection":[{"href":"http:\/\/www.asociacionecas.es\/index.php?rest_route=\/wp\/v2\/posts"}],"about":[{"href":"http:\/\/www.asociacionecas.es\/index.php?rest_route=\/wp\/v2\/types\/post"}],"author":[{"embeddable":true,"href":"http:\/\/www.asociacionecas.es\/index.php?rest_route=\/wp\/v2\/users\/1"}],"replies":[{"embeddable":true,"href":"http:\/\/www.asociacionecas.es\/index.php?rest_route=%2Fwp%2Fv2%2Fcomments&post=721"}],"version-history":[{"count":3,"href":"http:\/\/www.asociacionecas.es\/index.php?rest_route=\/wp\/v2\/posts\/721\/revisions"}],"predecessor-version":[{"id":912,"href":"http:\/\/www.asociacionecas.es\/index.php?rest_route=\/wp\/v2\/posts\/721\/revisions\/912"}],"wp:attachment":[{"href":"http:\/\/www.asociacionecas.es\/index.php?rest_route=%2Fwp%2Fv2%2Fmedia&parent=721"}],"wp:term":[{"taxonomy":"category","embeddable":true,"href":"http:\/\/www.asociacionecas.es\/index.php?rest_route=%2Fwp%2Fv2%2Fcategories&post=721"},{"taxonomy":"post_tag","embeddable":true,"href":"http:\/\/www.asociacionecas.es\/index.php?rest_route=%2Fwp%2Fv2%2Ftags&post=721"}],"curies":[{"name":"wp","href":"https:\/\/api.w.org\/{rel}","templated":true}]}}