{"id":521,"date":"2012-05-20T18:55:32","date_gmt":"2012-05-20T17:55:32","guid":{"rendered":"http:\/\/87.216.216.228\/?p=521"},"modified":"2014-02-23T19:29:59","modified_gmt":"2014-02-23T18:29:59","slug":"viaje-convivencia-a-sevilla","status":"publish","type":"post","link":"http:\/\/www.asociacionecas.es\/?p=521","title":{"rendered":"Viaje Convivencia a Sevilla"},"content":{"rendered":"<p>Queridos hermanos en ECAS:<\/p>\n<p>Un a\u00f1o m\u00e1s nos dirigimos a vosotros con la alegr\u00eda de invitaros a la Convivencia que todos los a\u00f1os realizamos fuera de Almer\u00eda.<\/p>\n<p><a href=\"http:\/\/87.216.216.228\/wp-content\/uploads\/2012\/05\/sevilla.jpg\"><img decoding=\"async\" loading=\"lazy\" class=\"alignleft size-thumbnail wp-image-525\" title=\"sevilla\" alt=\"\" src=\"http:\/\/87.216.216.228\/wp-content\/uploads\/2012\/05\/sevilla-150x150.jpg\" width=\"150\" height=\"150\" \/><\/a>Ahora tenemos \u00e9sta en <strong>SEVILLA<\/strong>, en la Casa de Ejercicios Betania, C\/ Mayor s\/n SAN JUAN DE AZNALFARACHE Sevilla 41920 Espa\u00f1a<\/p>\n<div id=\"contact-slider\">\n<div>\n<div>\n<div>\n<p><img decoding=\"async\" alt=\"Tel\u00e9fono: \" src=\"http:\/\/www.cdebetania.org\/media\/contacts\/images\/con_tel.png\" \/> Tentralita: 954 760 450, Directo 954 768 033<\/p>\n<p><a href=\"http:\/\/www.cdebetania.es\/\" target=\"_blank\"> http:\/\/www.cdebetania.es<\/a><\/p>\n<\/div>\n<\/div>\n<\/div>\n<\/div>\n<p>donde conviviremos j\u00f3venes y mayores.<\/p>\n<p>La salida ser\u00e1 el <strong>1 de Junio, Viernes, a las 3:45 de la tarde<\/strong> desde la Rambla Federico Garc\u00eda Lorca en la puerta de La Salle.<\/p>\n<p>Comeremos en el camino antes de llegar con el bocadillo que nos llevemos.<\/p>\n<p>El precio total del viaje para mayores ser\u00e1 de <strong>90 \u20ac<\/strong>.. Para los ni\u00f1os den lo que puedan.<\/p>\n<p>Esto incluye:<\/p>\n<p>&#8211;\u00a0\u00a0\u00a0\u00a0\u00a0\u00a0\u00a0\u00a0 <strong>Autob\u00fas ida y vuelta.<\/strong><\/p>\n<p>&#8211;\u00a0\u00a0\u00a0\u00a0\u00a0\u00a0\u00a0\u00a0 <strong>Dormir el viernes.<\/strong><\/p>\n<p>&#8211;\u00a0\u00a0\u00a0\u00a0\u00a0\u00a0\u00a0\u00a0 <strong>Pensi\u00f3n completa el s\u00e1bado.<\/strong><\/p>\n<p>&#8211;\u00a0\u00a0\u00a0\u00a0\u00a0\u00a0\u00a0\u00a0 <strong>Desayuno el Domingo.<\/strong><\/p>\n<p><strong>\u00a0\u00a0\u00a0\u00a0\u00a0\u00a0\u00a0\u00a0\u00a0\u00a0\u00a0 <\/strong>Es una buena ocasi\u00f3n de conocer personas de otros grupos y hacer buenas amistades.Para cualquier consulta o aclaraci\u00f3n, mi tel\u00e9fono es <strong><span style=\"text-decoration: underline;\">950237125<\/span>\u00a0<em> Jes\u00fas Peregr\u00edn Mula<\/em><\/strong><\/p>\n<p><strong> Si quieres ir puedes inscribirte <a title=\"pincha aqu\u00ed\" href=\"http:\/\/87.216.216.228\/index.php\/formulario-para-inscripcion-viaje-a-sevilla-1-de-junio-de-2012\/\">Aqui<\/a><\/strong><\/p>\n","protected":false},"excerpt":{"rendered":"<p>Queridos hermanos en ECAS: Un a\u00f1o m\u00e1s nos dirigimos a vosotros con la alegr\u00eda de invitaros a la Convivencia que todos los a\u00f1os realizamos fuera de Almer\u00eda. Ahora tenemos \u00e9sta en SEVILLA, en la Casa de Ejercicios Betania, C\/ Mayor &hellip; <a href=\"http:\/\/www.asociacionecas.es\/?p=521\">Sigue leyendo <span class=\"meta-nav\">&rarr;<\/span><\/a><\/p>\n","protected":false},"author":1,"featured_media":0,"comment_status":"closed","ping_status":"open","sticky":false,"template":"","format":"standard","meta":[],"categories":[1],"tags":[],"_links":{"self":[{"href":"http:\/\/www.asociacionecas.es\/index.php?rest_route=\/wp\/v2\/posts\/521"}],"collection":[{"href":"http:\/\/www.asociacionecas.es\/index.php?rest_route=\/wp\/v2\/posts"}],"about":[{"href":"http:\/\/www.asociacionecas.es\/index.php?rest_route=\/wp\/v2\/types\/post"}],"author":[{"embeddable":true,"href":"http:\/\/www.asociacionecas.es\/index.php?rest_route=\/wp\/v2\/users\/1"}],"replies":[{"embeddable":true,"href":"http:\/\/www.asociacionecas.es\/index.php?rest_route=%2Fwp%2Fv2%2Fcomments&post=521"}],"version-history":[{"count":10,"href":"http:\/\/www.asociacionecas.es\/index.php?rest_route=\/wp\/v2\/posts\/521\/revisions"}],"predecessor-version":[{"id":523,"href":"http:\/\/www.asociacionecas.es\/index.php?rest_route=\/wp\/v2\/posts\/521\/revisions\/523"}],"wp:attachment":[{"href":"http:\/\/www.asociacionecas.es\/index.php?rest_route=%2Fwp%2Fv2%2Fmedia&parent=521"}],"wp:term":[{"taxonomy":"category","embeddable":true,"href":"http:\/\/www.asociacionecas.es\/index.php?rest_route=%2Fwp%2Fv2%2Fcategories&post=521"},{"taxonomy":"post_tag","embeddable":true,"href":"http:\/\/www.asociacionecas.es\/index.php?rest_route=%2Fwp%2Fv2%2Ftags&post=521"}],"curies":[{"name":"wp","href":"https:\/\/api.w.org\/{rel}","templated":true}]}}