{"id":2699,"date":"2019-07-14T18:43:05","date_gmt":"2019-07-14T16:43:05","guid":{"rendered":"http:\/\/www.asociacionecas.es\/?p=2699"},"modified":"2019-07-14T18:43:05","modified_gmt":"2019-07-14T16:43:05","slug":"fotos-de-la-convivencia-de-mayo-en-sevilla","status":"publish","type":"post","link":"http:\/\/www.asociacionecas.es\/?p=2699","title":{"rendered":"Fotos de la Convivencia de Mayo en Sevilla"},"content":{"rendered":"\n<p style=\"text-align:left\">Ya ten\u00e9is a vuestra disposici\u00f3n las fotos que realiz\u00f3 nuestra querida Maria Jos\u00e9 en la magn\u00edfica convivencia entre los grupos de ECAS en San Juan de Aznalfarache los d\u00edas 10, 11 y 12 de Mayo pasado.<\/p>\n\n\n\n<div class=\"wp-block-image\"><figure class=\"alignleft is-resized\"><img decoding=\"async\" loading=\"lazy\" src=\"http:\/\/www.asociacionecas.es\/wp-content\/uploads\/2019\/07\/DSCF5378-1024x768.png\" alt=\"convivencia Sevilla 2019\" class=\"wp-image-2686\" width=\"216\" height=\"162\" srcset=\"http:\/\/www.asociacionecas.es\/wp-content\/uploads\/2019\/07\/DSCF5378-1024x768.png 1024w, http:\/\/www.asociacionecas.es\/wp-content\/uploads\/2019\/07\/DSCF5378-300x225.png 300w, http:\/\/www.asociacionecas.es\/wp-content\/uploads\/2019\/07\/DSCF5378-768x576.png 768w, http:\/\/www.asociacionecas.es\/wp-content\/uploads\/2019\/07\/DSCF5378-600x450.png 600w, http:\/\/www.asociacionecas.es\/wp-content\/uploads\/2019\/07\/DSCF5378.png 2048w\" sizes=\"(max-width: 216px) 100vw, 216px\" \/><\/figure><\/div>\n\n\n\n<p>Esperamos que sea un bonito recuerdo que vuelva a revivir en nosotros aquella maravillosa experiencia.<\/p>\n\n\n\n<p>Un abrazo a todos.<\/p>\n\n\n\n<p><a href=\"http:\/\/www.asociacionecas.es\/?page_id=2693\">ver fotos aqu\u00ed<\/a><\/p>\n","protected":false},"excerpt":{"rendered":"<p>Ya ten\u00e9is a vuestra disposici\u00f3n las fotos que realiz\u00f3 nuestra querida Maria Jos\u00e9 en la magn\u00edfica convivencia entre los grupos de ECAS en San Juan de Aznalfarache los d\u00edas 10, 11 y 12 de Mayo pasado. Esperamos que sea un &hellip; <a href=\"http:\/\/www.asociacionecas.es\/?p=2699\">Sigue leyendo <span class=\"meta-nav\">&rarr;<\/span><\/a><\/p>\n","protected":false},"author":1,"featured_media":0,"comment_status":"open","ping_status":"open","sticky":false,"template":"","format":"standard","meta":[],"categories":[1],"tags":[],"_links":{"self":[{"href":"http:\/\/www.asociacionecas.es\/index.php?rest_route=\/wp\/v2\/posts\/2699"}],"collection":[{"href":"http:\/\/www.asociacionecas.es\/index.php?rest_route=\/wp\/v2\/posts"}],"about":[{"href":"http:\/\/www.asociacionecas.es\/index.php?rest_route=\/wp\/v2\/types\/post"}],"author":[{"embeddable":true,"href":"http:\/\/www.asociacionecas.es\/index.php?rest_route=\/wp\/v2\/users\/1"}],"replies":[{"embeddable":true,"href":"http:\/\/www.asociacionecas.es\/index.php?rest_route=%2Fwp%2Fv2%2Fcomments&post=2699"}],"version-history":[{"count":3,"href":"http:\/\/www.asociacionecas.es\/index.php?rest_route=\/wp\/v2\/posts\/2699\/revisions"}],"predecessor-version":[{"id":2702,"href":"http:\/\/www.asociacionecas.es\/index.php?rest_route=\/wp\/v2\/posts\/2699\/revisions\/2702"}],"wp:attachment":[{"href":"http:\/\/www.asociacionecas.es\/index.php?rest_route=%2Fwp%2Fv2%2Fmedia&parent=2699"}],"wp:term":[{"taxonomy":"category","embeddable":true,"href":"http:\/\/www.asociacionecas.es\/index.php?rest_route=%2Fwp%2Fv2%2Fcategories&post=2699"},{"taxonomy":"post_tag","embeddable":true,"href":"http:\/\/www.asociacionecas.es\/index.php?rest_route=%2Fwp%2Fv2%2Ftags&post=2699"}],"curies":[{"name":"wp","href":"https:\/\/api.w.org\/{rel}","templated":true}]}}