{"id":2021,"date":"2018-06-28T00:52:23","date_gmt":"2018-06-27T22:52:23","guid":{"rendered":"http:\/\/www.asociacionecas.es\/?p=2021"},"modified":"2018-06-28T00:52:23","modified_gmt":"2018-06-27T22:52:23","slug":"revista-102-verano-2018","status":"publish","type":"post","link":"http:\/\/www.asociacionecas.es\/?p=2021","title":{"rendered":"Revista 102 Verano 2018"},"content":{"rendered":"<p>Aunque un poco apremiados por el tiempo, ya tenemos nuestra querida Revista de ECAS de este verano de 2018. Siempre queremos, desde aqu\u00ed, dar las gracias a todos los que han participado con su inestimable aportaci\u00f3n escribiendo un art\u00edculo y tambi\u00e9n, como no, a Pablo por su excelente trabajo de maquetaci\u00f3n y edici\u00f3n.<a href=\"http:\/\/www.asociacionecas.es\/?page_id=106\"><img decoding=\"async\" loading=\"lazy\" class=\"alignleft  wp-image-2022\" src=\"http:\/\/www.asociacionecas.es\/wp-content\/uploads\/2018\/06\/REVISTA-102-212x300.jpg\" alt=\"\" width=\"144\" height=\"204\" srcset=\"http:\/\/www.asociacionecas.es\/wp-content\/uploads\/2018\/06\/REVISTA-102-212x300.jpg 212w, http:\/\/www.asociacionecas.es\/wp-content\/uploads\/2018\/06\/REVISTA-102.jpg 595w\" sizes=\"(max-width: 144px) 100vw, 144px\" \/><\/a> Tambi\u00e9n le damos las gracias a nuestro querido D. Jes\u00fas que sigue incansable promoviendo y animando a la participaci\u00f3n de todos en cada una de las actividades que se realizan en ECAS. Hemos conseguido terminar con alegr\u00eda y satisfacci\u00f3n un a\u00f1o m\u00e1s.<br \/>\n\u00a1Feliz Verano a todos!<\/p>\n<pre><a href=\"http:\/\/www.asociacionecas.es\/?page_id=106\"><strong>ver revista<\/strong><\/a><\/pre>\n","protected":false},"excerpt":{"rendered":"<p>Aunque un poco apremiados por el tiempo, ya tenemos nuestra querida Revista de ECAS de este verano de 2018. Siempre queremos, desde aqu\u00ed, dar las gracias a todos los que han participado con su inestimable aportaci\u00f3n escribiendo un art\u00edculo y &hellip; <a href=\"http:\/\/www.asociacionecas.es\/?p=2021\">Sigue leyendo <span class=\"meta-nav\">&rarr;<\/span><\/a><\/p>\n","protected":false},"author":1,"featured_media":0,"comment_status":"open","ping_status":"open","sticky":false,"template":"","format":"standard","meta":[],"categories":[1],"tags":[],"_links":{"self":[{"href":"http:\/\/www.asociacionecas.es\/index.php?rest_route=\/wp\/v2\/posts\/2021"}],"collection":[{"href":"http:\/\/www.asociacionecas.es\/index.php?rest_route=\/wp\/v2\/posts"}],"about":[{"href":"http:\/\/www.asociacionecas.es\/index.php?rest_route=\/wp\/v2\/types\/post"}],"author":[{"embeddable":true,"href":"http:\/\/www.asociacionecas.es\/index.php?rest_route=\/wp\/v2\/users\/1"}],"replies":[{"embeddable":true,"href":"http:\/\/www.asociacionecas.es\/index.php?rest_route=%2Fwp%2Fv2%2Fcomments&post=2021"}],"version-history":[{"count":2,"href":"http:\/\/www.asociacionecas.es\/index.php?rest_route=\/wp\/v2\/posts\/2021\/revisions"}],"predecessor-version":[{"id":2628,"href":"http:\/\/www.asociacionecas.es\/index.php?rest_route=\/wp\/v2\/posts\/2021\/revisions\/2628"}],"wp:attachment":[{"href":"http:\/\/www.asociacionecas.es\/index.php?rest_route=%2Fwp%2Fv2%2Fmedia&parent=2021"}],"wp:term":[{"taxonomy":"category","embeddable":true,"href":"http:\/\/www.asociacionecas.es\/index.php?rest_route=%2Fwp%2Fv2%2Fcategories&post=2021"},{"taxonomy":"post_tag","embeddable":true,"href":"http:\/\/www.asociacionecas.es\/index.php?rest_route=%2Fwp%2Fv2%2Ftags&post=2021"}],"curies":[{"name":"wp","href":"https:\/\/api.w.org\/{rel}","templated":true}]}}