{"id":2012,"date":"2017-12-23T08:14:46","date_gmt":"2017-12-23T07:14:46","guid":{"rendered":"http:\/\/www.asociacionecas.es\/?p=2012"},"modified":"2017-12-23T08:14:46","modified_gmt":"2017-12-23T07:14:46","slug":"revista-navidad-2017","status":"publish","type":"post","link":"http:\/\/www.asociacionecas.es\/?p=2012","title":{"rendered":"Revista Navidad 2017"},"content":{"rendered":"<h2 style=\"text-align: justify;\">Nueva Revista de ECAS para esta Navidad 2017.<br \/>\n<a href=\"http:\/\/www.asociacionecas.es\/?page_id=106\"><img decoding=\"async\" loading=\"lazy\" class=\"alignleft wp-image-2013 size-medium\" src=\"http:\/\/www.asociacionecas.es\/wp-content\/uploads\/2017\/12\/Revi101-212x300.jpg\" alt=\"Revista 101 ECAS\" width=\"212\" height=\"300\" srcset=\"http:\/\/www.asociacionecas.es\/wp-content\/uploads\/2017\/12\/Revi101-212x300.jpg 212w, http:\/\/www.asociacionecas.es\/wp-content\/uploads\/2017\/12\/Revi101.jpg 595w\" sizes=\"(max-width: 212px) 100vw, 212px\" \/><\/a>Desde la redacci\u00f3n de la revista queremos felicitaros sinceramente en esta Navidad.<br \/>\nQue el Se\u00f1or llene de bendiciones todos vuestros hogares y que el a\u00f1o que viene podamos seguir viviendo nuestra Fe en el Se\u00f1or dentro de nuestro querido movimiento.<\/h2>\n<h1>\u00a1Feliz Navidad\u00a1<\/h1>\n","protected":false},"excerpt":{"rendered":"<p>Nueva Revista de ECAS para esta Navidad 2017. Desde la redacci\u00f3n de la revista queremos felicitaros sinceramente en esta Navidad. Que el Se\u00f1or llene de bendiciones todos vuestros hogares y que el a\u00f1o que viene podamos seguir viviendo nuestra Fe &hellip; <a href=\"http:\/\/www.asociacionecas.es\/?p=2012\">Sigue leyendo <span class=\"meta-nav\">&rarr;<\/span><\/a><\/p>\n","protected":false},"author":1,"featured_media":0,"comment_status":"open","ping_status":"open","sticky":false,"template":"","format":"standard","meta":[],"categories":[1],"tags":[],"_links":{"self":[{"href":"http:\/\/www.asociacionecas.es\/index.php?rest_route=\/wp\/v2\/posts\/2012"}],"collection":[{"href":"http:\/\/www.asociacionecas.es\/index.php?rest_route=\/wp\/v2\/posts"}],"about":[{"href":"http:\/\/www.asociacionecas.es\/index.php?rest_route=\/wp\/v2\/types\/post"}],"author":[{"embeddable":true,"href":"http:\/\/www.asociacionecas.es\/index.php?rest_route=\/wp\/v2\/users\/1"}],"replies":[{"embeddable":true,"href":"http:\/\/www.asociacionecas.es\/index.php?rest_route=%2Fwp%2Fv2%2Fcomments&post=2012"}],"version-history":[{"count":4,"href":"http:\/\/www.asociacionecas.es\/index.php?rest_route=\/wp\/v2\/posts\/2012\/revisions"}],"predecessor-version":[{"id":2632,"href":"http:\/\/www.asociacionecas.es\/index.php?rest_route=\/wp\/v2\/posts\/2012\/revisions\/2632"}],"wp:attachment":[{"href":"http:\/\/www.asociacionecas.es\/index.php?rest_route=%2Fwp%2Fv2%2Fmedia&parent=2012"}],"wp:term":[{"taxonomy":"category","embeddable":true,"href":"http:\/\/www.asociacionecas.es\/index.php?rest_route=%2Fwp%2Fv2%2Fcategories&post=2012"},{"taxonomy":"post_tag","embeddable":true,"href":"http:\/\/www.asociacionecas.es\/index.php?rest_route=%2Fwp%2Fv2%2Ftags&post=2012"}],"curies":[{"name":"wp","href":"https:\/\/api.w.org\/{rel}","templated":true}]}}