{"id":1878,"date":"2015-11-03T20:41:44","date_gmt":"2015-11-03T19:41:44","guid":{"rendered":"http:\/\/www.asociacionecas.es\/?p=1878"},"modified":"2015-11-03T20:41:44","modified_gmt":"2015-11-03T19:41:44","slug":"oracion-del-4-de-noviembre","status":"publish","type":"post","link":"http:\/\/www.asociacionecas.es\/?p=1878","title":{"rendered":"Oracion del 4 de Noviembre"},"content":{"rendered":"<h2 style=\"text-align: justify;\">Os invitamos a que particip\u00e9is en la Oraci\u00f3n de ma\u00f1ana Mi\u00e9rcoles dia\u00a04 de Noviembre, a las 8 de la noche, como siempre en Los Pisos.<a href=\"http:\/\/www.asociacionecas.es\/wp-content\/uploads\/2015\/11\/oracionpadre.jpg\"><img decoding=\"async\" loading=\"lazy\" class=\"alignleft wp-image-1876 \" src=\"http:\/\/www.asociacionecas.es\/wp-content\/uploads\/2015\/11\/oracionpadre.jpg\" alt=\"\" width=\"363\" height=\"236\" srcset=\"http:\/\/www.asociacionecas.es\/wp-content\/uploads\/2015\/11\/oracionpadre.jpg 500w, http:\/\/www.asociacionecas.es\/wp-content\/uploads\/2015\/11\/oracionpadre-300x195.jpg 300w\" sizes=\"(max-width: 363px) 100vw, 363px\" \/><\/a> La ha preparado con mucha ilusi\u00f3n el grupo del Lunes. Os esperamos. Un abrazo.<\/h2>\n","protected":false},"excerpt":{"rendered":"<p>Os invitamos a que particip\u00e9is en la Oraci\u00f3n de ma\u00f1ana Mi\u00e9rcoles dia\u00a04 de Noviembre, a las 8 de la noche, como siempre en Los Pisos. La ha preparado con mucha ilusi\u00f3n el grupo del Lunes. Os esperamos. Un abrazo.<\/p>\n","protected":false},"author":1,"featured_media":0,"comment_status":"open","ping_status":"open","sticky":false,"template":"","format":"standard","meta":[],"categories":[1],"tags":[],"_links":{"self":[{"href":"http:\/\/www.asociacionecas.es\/index.php?rest_route=\/wp\/v2\/posts\/1878"}],"collection":[{"href":"http:\/\/www.asociacionecas.es\/index.php?rest_route=\/wp\/v2\/posts"}],"about":[{"href":"http:\/\/www.asociacionecas.es\/index.php?rest_route=\/wp\/v2\/types\/post"}],"author":[{"embeddable":true,"href":"http:\/\/www.asociacionecas.es\/index.php?rest_route=\/wp\/v2\/users\/1"}],"replies":[{"embeddable":true,"href":"http:\/\/www.asociacionecas.es\/index.php?rest_route=%2Fwp%2Fv2%2Fcomments&post=1878"}],"version-history":[{"count":1,"href":"http:\/\/www.asociacionecas.es\/index.php?rest_route=\/wp\/v2\/posts\/1878\/revisions"}],"predecessor-version":[{"id":1879,"href":"http:\/\/www.asociacionecas.es\/index.php?rest_route=\/wp\/v2\/posts\/1878\/revisions\/1879"}],"wp:attachment":[{"href":"http:\/\/www.asociacionecas.es\/index.php?rest_route=%2Fwp%2Fv2%2Fmedia&parent=1878"}],"wp:term":[{"taxonomy":"category","embeddable":true,"href":"http:\/\/www.asociacionecas.es\/index.php?rest_route=%2Fwp%2Fv2%2Fcategories&post=1878"},{"taxonomy":"post_tag","embeddable":true,"href":"http:\/\/www.asociacionecas.es\/index.php?rest_route=%2Fwp%2Fv2%2Ftags&post=1878"}],"curies":[{"name":"wp","href":"https:\/\/api.w.org\/{rel}","templated":true}]}}