{"id":1871,"date":"2015-06-13T08:55:30","date_gmt":"2015-06-13T06:55:30","guid":{"rendered":"http:\/\/www.asociacionecas.es\/?p=1871"},"modified":"2015-06-13T08:55:30","modified_gmt":"2015-06-13T06:55:30","slug":"revista-no-96-verano-2015","status":"publish","type":"post","link":"http:\/\/www.asociacionecas.es\/?p=1871","title":{"rendered":"Revista n\u00ba 96 Verano 2015"},"content":{"rendered":"<h3 style=\"text-align: justify;\">Ya tenemos publicada la \u00faltima Revista de ECAS. Es la del Verano de 2015. Pod\u00e9is descargarla pinchando en la imagen de portada.<a title=\"Revistas Publicadas\" href=\"http:\/\/www.asociacionecas.es\/?page_id=106\"><img decoding=\"async\" loading=\"lazy\" class=\"alignleft  wp-image-1872\" src=\"http:\/\/www.asociacionecas.es\/wp-content\/uploads\/2015\/06\/revi96.jpg\" alt=\"revi96\" width=\"142\" height=\"201\" srcset=\"http:\/\/www.asociacionecas.es\/wp-content\/uploads\/2015\/06\/revi96.jpg 595w, http:\/\/www.asociacionecas.es\/wp-content\/uploads\/2015\/06\/revi96-211x300.jpg 211w\" sizes=\"(max-width: 142px) 100vw, 142px\" \/><\/a> Muchas gracias a todos los que hab\u00e9is participado en su elaboraci\u00f3n aportando vuestros art\u00edculos y muy especialmente a Dani y M\u00aa Jos\u00e9 por su trabajo de grabaci\u00f3n, maquetaci\u00f3n y dise\u00f1o pues les ha quedado espectacular, como siempre.<\/h3>\n","protected":false},"excerpt":{"rendered":"<p>Ya tenemos publicada la \u00faltima Revista de ECAS. Es la del Verano de 2015. Pod\u00e9is descargarla pinchando en la imagen de portada. Muchas gracias a todos los que hab\u00e9is participado en su elaboraci\u00f3n aportando vuestros art\u00edculos y muy especialmente a &hellip; <a href=\"http:\/\/www.asociacionecas.es\/?p=1871\">Sigue leyendo <span class=\"meta-nav\">&rarr;<\/span><\/a><\/p>\n","protected":false},"author":1,"featured_media":0,"comment_status":"open","ping_status":"open","sticky":false,"template":"","format":"standard","meta":[],"categories":[1],"tags":[],"_links":{"self":[{"href":"http:\/\/www.asociacionecas.es\/index.php?rest_route=\/wp\/v2\/posts\/1871"}],"collection":[{"href":"http:\/\/www.asociacionecas.es\/index.php?rest_route=\/wp\/v2\/posts"}],"about":[{"href":"http:\/\/www.asociacionecas.es\/index.php?rest_route=\/wp\/v2\/types\/post"}],"author":[{"embeddable":true,"href":"http:\/\/www.asociacionecas.es\/index.php?rest_route=\/wp\/v2\/users\/1"}],"replies":[{"embeddable":true,"href":"http:\/\/www.asociacionecas.es\/index.php?rest_route=%2Fwp%2Fv2%2Fcomments&post=1871"}],"version-history":[{"count":1,"href":"http:\/\/www.asociacionecas.es\/index.php?rest_route=\/wp\/v2\/posts\/1871\/revisions"}],"predecessor-version":[{"id":1873,"href":"http:\/\/www.asociacionecas.es\/index.php?rest_route=\/wp\/v2\/posts\/1871\/revisions\/1873"}],"wp:attachment":[{"href":"http:\/\/www.asociacionecas.es\/index.php?rest_route=%2Fwp%2Fv2%2Fmedia&parent=1871"}],"wp:term":[{"taxonomy":"category","embeddable":true,"href":"http:\/\/www.asociacionecas.es\/index.php?rest_route=%2Fwp%2Fv2%2Fcategories&post=1871"},{"taxonomy":"post_tag","embeddable":true,"href":"http:\/\/www.asociacionecas.es\/index.php?rest_route=%2Fwp%2Fv2%2Ftags&post=1871"}],"curies":[{"name":"wp","href":"https:\/\/api.w.org\/{rel}","templated":true}]}}