{"id":1858,"date":"2015-06-03T16:19:40","date_gmt":"2015-06-03T14:19:40","guid":{"rendered":"http:\/\/www.asociacionecas.es\/?p=1858"},"modified":"2015-06-03T16:19:40","modified_gmt":"2015-06-03T14:19:40","slug":"oracion-del-miercoles","status":"publish","type":"post","link":"http:\/\/www.asociacionecas.es\/?p=1858","title":{"rendered":"Oracion del Miercoles"},"content":{"rendered":"<p style=\"text-align: justify;\">Os queremos informar de que una vez m\u00e1s hoy mi\u00e9rcoles d\u00eda 3, tendr\u00e1 lugar en Los Pisos,\u00a0nuestra querida ORACI\u00d3N de los primeros de mes. <a href=\"http:\/\/www.asociacionecas.es\/wp-content\/uploads\/2015\/06\/oracion.jpg\"><img decoding=\"async\" loading=\"lazy\" class=\"alignleft  wp-image-1860\" src=\"http:\/\/www.asociacionecas.es\/wp-content\/uploads\/2015\/06\/oracion.jpg\" alt=\"oracion\" width=\"229\" height=\"170\" srcset=\"http:\/\/www.asociacionecas.es\/wp-content\/uploads\/2015\/06\/oracion.jpg 440w, http:\/\/www.asociacionecas.es\/wp-content\/uploads\/2015\/06\/oracion-300x222.jpg 300w\" sizes=\"(max-width: 229px) 100vw, 229px\" \/><\/a>La de hoy nos la ha preparado con mucho cari\u00f1o Mari \u00c1ngeles. Ser\u00e1 a las 8 de la tarde. No nos la podemos perder pues adem\u00e1s ser\u00e1 la \u00faltima de este curso.<\/p>\n<p style=\"text-align: justify;\">saludos.<\/p>\n","protected":false},"excerpt":{"rendered":"<p>Os queremos informar de que una vez m\u00e1s hoy mi\u00e9rcoles d\u00eda 3, tendr\u00e1 lugar en Los Pisos,\u00a0nuestra querida ORACI\u00d3N de los primeros de mes. La de hoy nos la ha preparado con mucho cari\u00f1o Mari \u00c1ngeles. Ser\u00e1 a las 8 &hellip; <a href=\"http:\/\/www.asociacionecas.es\/?p=1858\">Sigue leyendo <span class=\"meta-nav\">&rarr;<\/span><\/a><\/p>\n","protected":false},"author":1,"featured_media":0,"comment_status":"open","ping_status":"open","sticky":false,"template":"","format":"standard","meta":[],"categories":[1],"tags":[],"_links":{"self":[{"href":"http:\/\/www.asociacionecas.es\/index.php?rest_route=\/wp\/v2\/posts\/1858"}],"collection":[{"href":"http:\/\/www.asociacionecas.es\/index.php?rest_route=\/wp\/v2\/posts"}],"about":[{"href":"http:\/\/www.asociacionecas.es\/index.php?rest_route=\/wp\/v2\/types\/post"}],"author":[{"embeddable":true,"href":"http:\/\/www.asociacionecas.es\/index.php?rest_route=\/wp\/v2\/users\/1"}],"replies":[{"embeddable":true,"href":"http:\/\/www.asociacionecas.es\/index.php?rest_route=%2Fwp%2Fv2%2Fcomments&post=1858"}],"version-history":[{"count":2,"href":"http:\/\/www.asociacionecas.es\/index.php?rest_route=\/wp\/v2\/posts\/1858\/revisions"}],"predecessor-version":[{"id":1861,"href":"http:\/\/www.asociacionecas.es\/index.php?rest_route=\/wp\/v2\/posts\/1858\/revisions\/1861"}],"wp:attachment":[{"href":"http:\/\/www.asociacionecas.es\/index.php?rest_route=%2Fwp%2Fv2%2Fmedia&parent=1858"}],"wp:term":[{"taxonomy":"category","embeddable":true,"href":"http:\/\/www.asociacionecas.es\/index.php?rest_route=%2Fwp%2Fv2%2Fcategories&post=1858"},{"taxonomy":"post_tag","embeddable":true,"href":"http:\/\/www.asociacionecas.es\/index.php?rest_route=%2Fwp%2Fv2%2Ftags&post=1858"}],"curies":[{"name":"wp","href":"https:\/\/api.w.org\/{rel}","templated":true}]}}