{"id":1825,"date":"2015-03-12T23:37:48","date_gmt":"2015-03-12T22:37:48","guid":{"rendered":"http:\/\/www.asociacionecas.es\/?p=1825"},"modified":"2015-03-12T23:37:48","modified_gmt":"2015-03-12T22:37:48","slug":"noticias-de-la-iglesia-viii","status":"publish","type":"post","link":"http:\/\/www.asociacionecas.es\/?p=1825","title":{"rendered":"Noticias de la Iglesia (VIII)"},"content":{"rendered":"<div align=\"justify\"><span style=\"font-size: large;\">Queridos\u00a0hermanos y compa\u00f1eros en la Fe.<\/span><\/div>\n<div align=\"justify\"><\/div>\n<div align=\"justify\"><span style=\"font-size: large;\">Aprovechando\u00a0el per\u00edodo liturgico que vivimos en estas fechas,\u00a0es buen momento para hacer una nueva publicaci\u00f3n sobre noticias de la Iglesia, en Plan Monogr\u00e1fico dedicado al sentido y significado del Tiempo de Cuaresma.<\/span><\/div>\n<div align=\"justify\"><\/div>\n<div align=\"justify\"><span style=\"font-size: large;\"><a href=\"http:\/\/www.asociacionecas.es\/wp-content\/uploads\/2015\/03\/cuaresma.png\"><img decoding=\"async\" loading=\"lazy\" class=\"alignleft wp-image-1827 \" src=\"http:\/\/www.asociacionecas.es\/wp-content\/uploads\/2015\/03\/cuaresma.png\" alt=\"cuaresma\" width=\"254\" height=\"382\" \/><\/a>Seg\u00fan San Le\u00f3n, la Cuaresma es \u201cun retiro colectivo de cuarenta d\u00edas, durante los cuales la Iglesia, proponiendo a sus fieles el ejemplo de Cristo en su retiro al desierto, se prepara para la celebraci\u00f3n de las solemnidades pascuales con la purificaci\u00f3n del coraz\u00f3n y una pr\u00e1ctica perfecta de la vida cristiana\u201d. Creo que define perfectamente lo que debe ser este periodo.<\/span><\/div>\n<div align=\"justify\"><\/div>\n<div align=\"justify\"><span style=\"font-size: large;\">El fin \u00faltimo de la cuaresma es prepararnos para vivir de forma profunda\u00a0e intensa la Pascua, la celebraci\u00f3n de la muerte y resurecci\u00f3n de Xto. Ese debe ser el verdadero y \u00fanico objetivo que debemos marcarnos todos los Cristianos. Para ello es fundamental ser rectos en los preceptos y consejos que nuestra Madre Iglesia nos va marcando a lo largo del periodo de Cuaresma, por que si desistimos o bajamos la guardia llegamos a la fecha clave sin estar preparados interiormente y acaso no podamos vivir tan Magno Acontecimiento con el recogimiento que precisa.<\/span><\/div>\n<div align=\"justify\"><\/div>\n<div align=\"justify\"><span style=\"font-size: large;\">Estamos muy pr\u00f3ximos a vivir esta Semana de Pasi\u00f3n, y la viviremos en funci\u00f3n de nuestra preparaci\u00f3n. Muchos de los miembros de ECAS, ya hemos tenido la suerte de hacer ejercicios espirituales (hombres y j\u00f3venes), y pr\u00f3ximamente las mujeres en dos turnos se acercar\u00e1n a vivir esta experiencia en el Amor del Padre.<\/span><\/div>\n<div align=\"justify\"><span style=\"font-size: large;\">Es una gran suerte hacer ejercicios\u00a0durante la cuaresma por que nos permite empezar a vivirla con la enorme experiencia y riqueza espiritual que proporcionan los ejercicios. <\/span><\/div>\n<div align=\"justify\"><\/div>\n<div align=\"justify\"><span style=\"font-size: large;\">En este periodo l\u00edt\u00fargico\u00a0la Iglesia centra sus esfuerzos\u00a0en indicarnos\u00a0el camino adecuado para llegar preparados a vivir la Pascua, pero el verdadero ejercicio espiritual debemos hacerlo y vivirlos interiormente cada uno de nosotros. Debemos acercarnos a Jesus desde lo m\u00e1s profundo de nuestro coraz\u00f3n, humildes, sin ataduras, ligeros de carga, y atentos a sus mensajes a trav\u00e9s de nuestros hermanos, aquellos que m\u00e1s nos necesitan y sobre los que podemos hacer verdaderas obras de Fe. <\/span><span style=\"font-size: large;\">Ese debe ser el verdadero y \u00fanico sentido de la Cuaresma, despojarnos de lo in\u00fatil, lo pesado, lo cotidiano, y\u00a0entender el mensaje que\u00a0nos mandar\u00e1 Xto. desde la\u00a0Cruz.\u00a0<\/span><\/div>\n<div align=\"justify\"><\/div>\n<div align=\"justify\"><span style=\"font-size: large;\">La Cruz es la se\u00f1al\u00a0que\u00a0nos\u00a0idenfitica a los\u00a0cristianos entre grandes masas humanas, y debemos mostrarla orgullosos por que nos diferencia y nos hace \u00fanicos. Aprovechemos este periodo para ser Cirineos y vivir la Pasi\u00f3n y muerte acompa\u00f1ando a Mar\u00eda, cogidos de su manto y seguros de no perdernos en el camino del Calvario.\u00a0Que no nos distraiga lo superfluo,\u00a0y vivamos nuestra Fe mirando a Xto. Que esta Cuaresma que estamos viviendo y la Pascua de la muerte y resurecci\u00f3n de Xto, nos hagan dichosos a todos y podamos vivirlas en el amor del Padre. <\/span><\/div>\n<div align=\"justify\"><\/div>\n<div align=\"justify\"><span style=\"font-size: large;\">Saludos y Felicidades para todos<\/span><\/div>\n<div align=\"justify\"><span style=\"font-size: large;\">Pedro Gonz\u00e1lez<\/span><\/div>\n","protected":false},"excerpt":{"rendered":"<p>Queridos\u00a0hermanos y compa\u00f1eros en la Fe. Aprovechando\u00a0el per\u00edodo liturgico que vivimos en estas fechas,\u00a0es buen momento para hacer una nueva publicaci\u00f3n sobre noticias de la Iglesia, en Plan Monogr\u00e1fico dedicado al sentido y significado del Tiempo de Cuaresma. Seg\u00fan San &hellip; <a href=\"http:\/\/www.asociacionecas.es\/?p=1825\">Sigue leyendo <span class=\"meta-nav\">&rarr;<\/span><\/a><\/p>\n","protected":false},"author":1,"featured_media":0,"comment_status":"open","ping_status":"open","sticky":false,"template":"","format":"standard","meta":[],"categories":[1],"tags":[],"_links":{"self":[{"href":"http:\/\/www.asociacionecas.es\/index.php?rest_route=\/wp\/v2\/posts\/1825"}],"collection":[{"href":"http:\/\/www.asociacionecas.es\/index.php?rest_route=\/wp\/v2\/posts"}],"about":[{"href":"http:\/\/www.asociacionecas.es\/index.php?rest_route=\/wp\/v2\/types\/post"}],"author":[{"embeddable":true,"href":"http:\/\/www.asociacionecas.es\/index.php?rest_route=\/wp\/v2\/users\/1"}],"replies":[{"embeddable":true,"href":"http:\/\/www.asociacionecas.es\/index.php?rest_route=%2Fwp%2Fv2%2Fcomments&post=1825"}],"version-history":[{"count":3,"href":"http:\/\/www.asociacionecas.es\/index.php?rest_route=\/wp\/v2\/posts\/1825\/revisions"}],"predecessor-version":[{"id":1829,"href":"http:\/\/www.asociacionecas.es\/index.php?rest_route=\/wp\/v2\/posts\/1825\/revisions\/1829"}],"wp:attachment":[{"href":"http:\/\/www.asociacionecas.es\/index.php?rest_route=%2Fwp%2Fv2%2Fmedia&parent=1825"}],"wp:term":[{"taxonomy":"category","embeddable":true,"href":"http:\/\/www.asociacionecas.es\/index.php?rest_route=%2Fwp%2Fv2%2Fcategories&post=1825"},{"taxonomy":"post_tag","embeddable":true,"href":"http:\/\/www.asociacionecas.es\/index.php?rest_route=%2Fwp%2Fv2%2Ftags&post=1825"}],"curies":[{"name":"wp","href":"https:\/\/api.w.org\/{rel}","templated":true}]}}