{"id":1815,"date":"2015-02-16T23:19:44","date_gmt":"2015-02-16T22:19:44","guid":{"rendered":"http:\/\/www.asociacionecas.es\/?p=1815"},"modified":"2015-02-16T23:19:44","modified_gmt":"2015-02-16T22:19:44","slug":"ejercicios-hombres-2015","status":"publish","type":"post","link":"http:\/\/www.asociacionecas.es\/?p=1815","title":{"rendered":"Ejercicios Hombres  2015"},"content":{"rendered":"<p style=\"text-align: justify;\">Los pasados d\u00edas, del 12 al 15 de Febrero, un grupo de hombres, <a href=\"http:\/\/www.asociacionecas.es\/wp-content\/uploads\/2015\/02\/IMG_20150214_173415.jpg\"><img decoding=\"async\" loading=\"lazy\" class=\"alignright wp-image-1816\" src=\"http:\/\/www.asociacionecas.es\/wp-content\/uploads\/2015\/02\/IMG_20150214_173415.jpg\" alt=\"\" width=\"412\" height=\"232\" srcset=\"http:\/\/www.asociacionecas.es\/wp-content\/uploads\/2015\/02\/IMG_20150214_173415.jpg 3072w, http:\/\/www.asociacionecas.es\/wp-content\/uploads\/2015\/02\/IMG_20150214_173415-300x168.jpg 300w, http:\/\/www.asociacionecas.es\/wp-content\/uploads\/2015\/02\/IMG_20150214_173415-1024x576.jpg 1024w\" sizes=\"(max-width: 412px) 100vw, 412px\" \/><\/a>tuvimos\u00a0la inmensa alegr\u00eda de poder\u00a0hacer Ejercicios Espirituales en la Casa de Oraci\u00f3n de Los Partidores. Alli pudimos disfrutar de la amistad y el cari\u00f1o de todos los que asistimos. Gracias a D. Jes\u00fas, que como <a href=\"http:\/\/www.asociacionecas.es\/wp-content\/uploads\/2015\/02\/IMG_20150214_1735061.jpg\"><img decoding=\"async\" loading=\"lazy\" class=\"alignleft  wp-image-1818\" src=\"http:\/\/www.asociacionecas.es\/wp-content\/uploads\/2015\/02\/IMG_20150214_1735061.jpg\" alt=\"IMG_20150214_173506\" width=\"173\" height=\"308\" srcset=\"http:\/\/www.asociacionecas.es\/wp-content\/uploads\/2015\/02\/IMG_20150214_1735061.jpg 1728w, http:\/\/www.asociacionecas.es\/wp-content\/uploads\/2015\/02\/IMG_20150214_1735061-168x300.jpg 168w, http:\/\/www.asociacionecas.es\/wp-content\/uploads\/2015\/02\/IMG_20150214_1735061-576x1024.jpg 576w\" sizes=\"(max-width: 173px) 100vw, 173px\" \/><\/a>todos los a\u00f1os nos anima y nos gu\u00eda en el camino\u00a0hacia\u00a0nuestro encuentro\u00a0con Dios y como no a D. Francisco Escamez, que con su charla nos anim\u00f3 en ese camino\u00a0por medio de la\u00a0Oraci\u00f3n. Desde aqu\u00ed quiero dar las gracias a todos por vuestra asistencia pues nos anima a seguir por este camino de\u00a0 Fe y\u00a0 Esperanza\u00a0en un mundo mas Justo y Humano, en definitiva hacia el Reino de Dios.<\/p>\n","protected":false},"excerpt":{"rendered":"<p>Los pasados d\u00edas, del 12 al 15 de Febrero, un grupo de hombres, tuvimos\u00a0la inmensa alegr\u00eda de poder\u00a0hacer Ejercicios Espirituales en la Casa de Oraci\u00f3n de Los Partidores. Alli pudimos disfrutar de la amistad y el cari\u00f1o de todos los &hellip; <a href=\"http:\/\/www.asociacionecas.es\/?p=1815\">Sigue leyendo <span class=\"meta-nav\">&rarr;<\/span><\/a><\/p>\n","protected":false},"author":1,"featured_media":0,"comment_status":"open","ping_status":"open","sticky":false,"template":"","format":"standard","meta":[],"categories":[1],"tags":[],"_links":{"self":[{"href":"http:\/\/www.asociacionecas.es\/index.php?rest_route=\/wp\/v2\/posts\/1815"}],"collection":[{"href":"http:\/\/www.asociacionecas.es\/index.php?rest_route=\/wp\/v2\/posts"}],"about":[{"href":"http:\/\/www.asociacionecas.es\/index.php?rest_route=\/wp\/v2\/types\/post"}],"author":[{"embeddable":true,"href":"http:\/\/www.asociacionecas.es\/index.php?rest_route=\/wp\/v2\/users\/1"}],"replies":[{"embeddable":true,"href":"http:\/\/www.asociacionecas.es\/index.php?rest_route=%2Fwp%2Fv2%2Fcomments&post=1815"}],"version-history":[{"count":2,"href":"http:\/\/www.asociacionecas.es\/index.php?rest_route=\/wp\/v2\/posts\/1815\/revisions"}],"predecessor-version":[{"id":1820,"href":"http:\/\/www.asociacionecas.es\/index.php?rest_route=\/wp\/v2\/posts\/1815\/revisions\/1820"}],"wp:attachment":[{"href":"http:\/\/www.asociacionecas.es\/index.php?rest_route=%2Fwp%2Fv2%2Fmedia&parent=1815"}],"wp:term":[{"taxonomy":"category","embeddable":true,"href":"http:\/\/www.asociacionecas.es\/index.php?rest_route=%2Fwp%2Fv2%2Fcategories&post=1815"},{"taxonomy":"post_tag","embeddable":true,"href":"http:\/\/www.asociacionecas.es\/index.php?rest_route=%2Fwp%2Fv2%2Ftags&post=1815"}],"curies":[{"name":"wp","href":"https:\/\/api.w.org\/{rel}","templated":true}]}}