{"id":1795,"date":"2015-01-31T10:27:45","date_gmt":"2015-01-31T09:27:45","guid":{"rendered":"http:\/\/www.asociacionecas.es\/?p=1795"},"modified":"2015-01-31T10:27:45","modified_gmt":"2015-01-31T09:27:45","slug":"noticias-de-la-iglesia-vii","status":"publish","type":"post","link":"http:\/\/www.asociacionecas.es\/?p=1795","title":{"rendered":"Noticias de la Iglesia (VII)"},"content":{"rendered":"<div><span style=\"font-family: Arial; font-size: small;\">Queridos amigos y hermanos en el amor del Se\u00f1or.<\/span><\/div>\n<div align=\"justify\"><\/div>\n<div align=\"justify\"><span style=\"font-family: Arial; font-size: small;\">Ya iniciado el\u00a02015, y a\u00fan resonando los ecos de\u00a0las celebraciones propias de la natividad de nuestro Se\u00f1or Jesucristo, la Iglesia Cat\u00f3lica sigue caminando guiado por su pastor Francisco. <\/span><span style=\"font-family: Arial; font-size: small;\">Como no puede ser de otra manera, todo lo que el Papa hace y vive diariamente debemos interpretarlo como senda de sabidur\u00eda y camino del cristiano. Por eso que la mayor\u00eda de las noticias destacables de nuestra iglesias, las m\u00e1s sonoras principalmente tienen a su Santidad como referencia\u00a0directa. <\/span><\/div>\n<div align=\"justify\"><\/div>\n<div align=\"justify\"><span style=\"font-family: Arial; font-size: small;\">Empezamos resaltando en primer lugar que un a\u00f1o m\u00e1s el Papa Francisco ha vivido la natividad rodeado de los m\u00e1s necesitados, los pobres y los sin techo,\u00a0los emigrados, y los enfermos, por que no olvidemos ellos ser\u00e1n bienaventurados.<\/span><\/div>\n<div align=\"justify\"><span style=\"font-family: Arial; font-size: small;\">Como\u00a0es habitual en el mundo cristiano, la iglesia inicia el a\u00f1o\u00a0con la gran Fiesta Mundial de la Familia Cristiana,\u00a0signo\u00a0y s\u00edmbolo de la unidad\u00a0y tronco de la Fe Cristiana, y\u00a0que\u00a0 ha puesto de manifiesto en su primera visita a Manila el Papa consider\u00e1ndolo como\u00a0tema central del viaje.<a href=\"http:\/\/www.asociacionecas.es\/wp-content\/uploads\/2015\/01\/papa-filipinas.jpg\"><img decoding=\"async\" loading=\"lazy\" class=\"alignleft wp-image-1797 size-full\" src=\"http:\/\/www.asociacionecas.es\/wp-content\/uploads\/2015\/01\/papa-filipinas.jpg\" alt=\"El Papa en Filipinas\" width=\"300\" height=\"195\" \/><\/a><\/span><\/div>\n<div align=\"justify\"><\/div>\n<div align=\"justify\"><span style=\"font-family: Arial; font-size: small;\">Como ya he indicado, El Papa Francisco ha iniciado un a\u00f1o que se promete muy\u00a0 viajero, y lo ha\u00a0hecho\u00a0al continente m\u00e1s descristianizado: Asia. En\u00a0Manila (Filipinas), el Santo Padre ha conseguido reunir en una\u00a0Eucarist\u00eda a m\u00e1s de 7 millones de cristianos, y\u00a0adem\u00e1s de resaltar la figura de la familia,\u00a0les ha\u00a0dicho\u00a0al pueblo Filipino que est\u00e1n llamados a\u00a0ser los misioneros de Asia. \u00abTen\u00e9is que evangelizar Asia\u00bb<\/span><\/div>\n<div align=\"justify\"><\/div>\n<div align=\"justify\"><span style=\"font-family: Arial; font-size: small;\">Quisiera resaltar un dato que entiendo nos debe hacer reflexionar. \u00abSe estima que alrededor de 100 millones de cristianos de todo el mundo sufren alg\u00fan tipo de persecuci\u00f3n en 2014\u00bb, y parece ser que la cifra\u00a0puede aumentar para este 2015.<\/span><\/div>\n<div align=\"justify\"><\/div>\n<div align=\"justify\"><span style=\"font-family: Arial; font-size: small;\">Ya ha sido resaltada en otras ocasiones, pero recordaros que 2015 es el a\u00f1o de dos grandes Jubileos. De una parte el Teresiano, ya resaltado en el art\u00edculo anterior, y de otro lado\u00a0indicaros que la iglesia celebra en 2015 el a\u00f1o de la Vida Consagrada.\u00a0\u00a0Los cristianos no debemos olvidarnos de aquellos hermanos que han decidido consagrar su vida al Se\u00f1or, y es tan importante su labor que este a\u00f1o la iglesia quiere reconocerlo, y es un buen motivo para que los tengamos presentes en nuestras oraciones, como ellos hacen cada d\u00eda con nosotros. El Papa los considera \u00abTestigos de la esperanza\u00bb.<\/span><\/div>\n<div align=\"justify\"><\/div>\n<div align=\"justify\"><span style=\"font-family: Arial; font-size: small;\">Tal como se\u00f1al\u00e9 anteriormente, 2015 va a ser un a\u00f1o muy viajero para el Santo Padre.\u00a0Seg\u00fan se ha anunciado en su regreso de Filipinas, y como significativo os puedo indicar que\u00a0su agenda internacional continuar\u00e1 por Rep\u00fablica Centroafricana y Uganda para finales de a\u00f1o.\u00a0 A Filadelfia (Estados Unidos) tiene previsto viajar en Septiembre para el Encuentro Mundial de las Familias, as\u00ed mismo visitar\u00e1 Nueva York (la\u00a0Zona Cero y Misa en Madison Square Garden), en Washington (visita al Congreso y Senado). As\u00ed mismo tiene previsto visitar Ecuador, Bolivia y Paraguay. Ya para 2016, visitar\u00eda Chile, Argentina y Uruguay. Lo dicho un Papa muy viajero.<\/span><\/div>\n<div align=\"justify\"><\/div>\n<div align=\"justify\"><span style=\"font-family: Arial; font-size: small;\">Bueno para empezar el a\u00f1o no est\u00e1 nada mal. <\/span>\u00a0<span style=\"font-family: Arial; font-size: small;\">S\u00f3lo recordaros que esta semana pasada (del 19 al 25 de enero), la iglesia ha celebrado la Semana de la Unidad de los Cristianos, y es que ahora m\u00e1s que nunca con tanto ataque al cristianismo, desde dentro y fuera del propio cristianismo, dicho sea de paso, debemos estar unidos, ser una masa uniforme con la cruz\u00a0como s\u00edmbolo de esa unidad.<\/span><\/div>\n<div align=\"justify\"><\/div>\n<div align=\"justify\"><span style=\"font-family: Arial; font-size: small;\">Saludos y hasta la pr\u00f3xima<\/span><\/div>\n<div align=\"justify\"><\/div>\n<div align=\"justify\"><span style=\"font-family: Arial; font-size: small;\">Pedro Gonz\u00e1lez.<\/span><\/div>\n","protected":false},"excerpt":{"rendered":"<p>Queridos amigos y hermanos en el amor del Se\u00f1or. Ya iniciado el\u00a02015, y a\u00fan resonando los ecos de\u00a0las celebraciones propias de la natividad de nuestro Se\u00f1or Jesucristo, la Iglesia Cat\u00f3lica sigue caminando guiado por su pastor Francisco. Como no puede &hellip; <a href=\"http:\/\/www.asociacionecas.es\/?p=1795\">Sigue leyendo <span class=\"meta-nav\">&rarr;<\/span><\/a><\/p>\n","protected":false},"author":1,"featured_media":0,"comment_status":"open","ping_status":"open","sticky":false,"template":"","format":"standard","meta":[],"categories":[1],"tags":[],"_links":{"self":[{"href":"http:\/\/www.asociacionecas.es\/index.php?rest_route=\/wp\/v2\/posts\/1795"}],"collection":[{"href":"http:\/\/www.asociacionecas.es\/index.php?rest_route=\/wp\/v2\/posts"}],"about":[{"href":"http:\/\/www.asociacionecas.es\/index.php?rest_route=\/wp\/v2\/types\/post"}],"author":[{"embeddable":true,"href":"http:\/\/www.asociacionecas.es\/index.php?rest_route=\/wp\/v2\/users\/1"}],"replies":[{"embeddable":true,"href":"http:\/\/www.asociacionecas.es\/index.php?rest_route=%2Fwp%2Fv2%2Fcomments&post=1795"}],"version-history":[{"count":2,"href":"http:\/\/www.asociacionecas.es\/index.php?rest_route=\/wp\/v2\/posts\/1795\/revisions"}],"predecessor-version":[{"id":1798,"href":"http:\/\/www.asociacionecas.es\/index.php?rest_route=\/wp\/v2\/posts\/1795\/revisions\/1798"}],"wp:attachment":[{"href":"http:\/\/www.asociacionecas.es\/index.php?rest_route=%2Fwp%2Fv2%2Fmedia&parent=1795"}],"wp:term":[{"taxonomy":"category","embeddable":true,"href":"http:\/\/www.asociacionecas.es\/index.php?rest_route=%2Fwp%2Fv2%2Fcategories&post=1795"},{"taxonomy":"post_tag","embeddable":true,"href":"http:\/\/www.asociacionecas.es\/index.php?rest_route=%2Fwp%2Fv2%2Ftags&post=1795"}],"curies":[{"name":"wp","href":"https:\/\/api.w.org\/{rel}","templated":true}]}}