{"id":1793,"date":"2015-01-28T00:35:09","date_gmt":"2015-01-27T23:35:09","guid":{"rendered":"http:\/\/www.asociacionecas.es\/?p=1793"},"modified":"2015-01-28T00:35:09","modified_gmt":"2015-01-27T23:35:09","slug":"encuentro-anual-ecas-en-aguadulce","status":"publish","type":"post","link":"http:\/\/www.asociacionecas.es\/?p=1793","title":{"rendered":"Encuentro Anual ECAS en Aguadulce"},"content":{"rendered":"<p style=\"text-align: justify;\">El pr\u00f3ximo d\u00eda 1 de Febrero a las 10 de la ma\u00f1ana, como todos los a\u00f1os, tendr\u00e1 lugar en la Casa de Espiritualidad de Aguadulce el Encuentro anual de ECAS preparado por nuestro querido Paco Garc\u00eda. <a href=\"http:\/\/www.asociacionecas.es\/wp-content\/uploads\/2013\/02\/Encuentro-ECAs-Aguadulce-2013.jpg\"><img decoding=\"async\" loading=\"lazy\" class=\"alignleft  wp-image-1402\" src=\"http:\/\/www.asociacionecas.es\/wp-content\/uploads\/2013\/02\/Encuentro-ECAs-Aguadulce-2013.jpg\" alt=\"Encuentro ECAs Aguadulce 2013\" width=\"372\" height=\"224\" srcset=\"http:\/\/www.asociacionecas.es\/wp-content\/uploads\/2013\/02\/Encuentro-ECAs-Aguadulce-2013.jpg 960w, http:\/\/www.asociacionecas.es\/wp-content\/uploads\/2013\/02\/Encuentro-ECAs-Aguadulce-2013-300x180.jpg 300w\" sizes=\"(max-width: 372px) 100vw, 372px\" \/><\/a>\u00a0Se ha contratado un autocar para ir a Aguadulce que saldr\u00e1 de La Salle a las 9:15 de la ma\u00f1ana y pasar\u00e1 por el Paseo a las 9:20 aprox. Pod\u00e9is invitar a todos que dese\u00e9is a que conozcan el movimiento y sus actividades. Os esperamos a todos. Si quer\u00e9is m\u00e1s informaci\u00f3n pod\u00e9is llamar al 950 23 71 25<\/p>\n<p>&nbsp;<\/p>\n","protected":false},"excerpt":{"rendered":"<p>El pr\u00f3ximo d\u00eda 1 de Febrero a las 10 de la ma\u00f1ana, como todos los a\u00f1os, tendr\u00e1 lugar en la Casa de Espiritualidad de Aguadulce el Encuentro anual de ECAS preparado por nuestro querido Paco Garc\u00eda. \u00a0Se ha contratado un &hellip; <a href=\"http:\/\/www.asociacionecas.es\/?p=1793\">Sigue leyendo <span class=\"meta-nav\">&rarr;<\/span><\/a><\/p>\n","protected":false},"author":1,"featured_media":0,"comment_status":"open","ping_status":"open","sticky":false,"template":"","format":"standard","meta":[],"categories":[1],"tags":[],"_links":{"self":[{"href":"http:\/\/www.asociacionecas.es\/index.php?rest_route=\/wp\/v2\/posts\/1793"}],"collection":[{"href":"http:\/\/www.asociacionecas.es\/index.php?rest_route=\/wp\/v2\/posts"}],"about":[{"href":"http:\/\/www.asociacionecas.es\/index.php?rest_route=\/wp\/v2\/types\/post"}],"author":[{"embeddable":true,"href":"http:\/\/www.asociacionecas.es\/index.php?rest_route=\/wp\/v2\/users\/1"}],"replies":[{"embeddable":true,"href":"http:\/\/www.asociacionecas.es\/index.php?rest_route=%2Fwp%2Fv2%2Fcomments&post=1793"}],"version-history":[{"count":1,"href":"http:\/\/www.asociacionecas.es\/index.php?rest_route=\/wp\/v2\/posts\/1793\/revisions"}],"predecessor-version":[{"id":1794,"href":"http:\/\/www.asociacionecas.es\/index.php?rest_route=\/wp\/v2\/posts\/1793\/revisions\/1794"}],"wp:attachment":[{"href":"http:\/\/www.asociacionecas.es\/index.php?rest_route=%2Fwp%2Fv2%2Fmedia&parent=1793"}],"wp:term":[{"taxonomy":"category","embeddable":true,"href":"http:\/\/www.asociacionecas.es\/index.php?rest_route=%2Fwp%2Fv2%2Fcategories&post=1793"},{"taxonomy":"post_tag","embeddable":true,"href":"http:\/\/www.asociacionecas.es\/index.php?rest_route=%2Fwp%2Fv2%2Ftags&post=1793"}],"curies":[{"name":"wp","href":"https:\/\/api.w.org\/{rel}","templated":true}]}}