{"id":1777,"date":"2015-01-18T14:45:34","date_gmt":"2015-01-18T13:45:34","guid":{"rendered":"http:\/\/www.asociacionecas.es\/?p=1777"},"modified":"2015-01-18T14:45:34","modified_gmt":"2015-01-18T13:45:34","slug":"confirmaciones-2015","status":"publish","type":"post","link":"http:\/\/www.asociacionecas.es\/?p=1777","title":{"rendered":"Confirmaciones 2015"},"content":{"rendered":"<p style=\"text-align: justify;\">Ayer d\u00eda 17, celebramos con gran alegr\u00eda las CONFIRMACIONES de un nutrido grupo de j\u00f3venes de ECAS. A las seis de la tarde en la Iglesia Catedral de Almer\u00eda, el Rvdmo. Sr. Obispo de Almer\u00eda confirm\u00f3 con el rito de la unci\u00f3n con el santo crisma y\u00a0la imposici\u00f3n de manos a un grupo de j\u00f3venes de Ecas y de la Parroquia de Santiago Ap\u00f3stol, simbolizando as\u00ed la transmisi\u00f3n del Esp\u00edritu Santo. Despu\u00e9s\u00a0 todos juntos siguieron celebrando tan gran acontecimiento con una cena a la que asistieron familiares y amigos de los confirmados.<a href=\"http:\/\/www.asociacionecas.es\/wp-content\/uploads\/2015\/01\/confirmaciones2015.jpg\"><img decoding=\"async\" loading=\"lazy\" class=\"alignleft wp-image-1778 \" src=\"http:\/\/www.asociacionecas.es\/wp-content\/uploads\/2015\/01\/confirmaciones2015.jpg\" alt=\"confirmaciones2015\" width=\"638\" height=\"358\" srcset=\"http:\/\/www.asociacionecas.es\/wp-content\/uploads\/2015\/01\/confirmaciones2015.jpg 1280w, http:\/\/www.asociacionecas.es\/wp-content\/uploads\/2015\/01\/confirmaciones2015-300x168.jpg 300w, http:\/\/www.asociacionecas.es\/wp-content\/uploads\/2015\/01\/confirmaciones2015-1024x575.jpg 1024w\" sizes=\"(max-width: 638px) 100vw, 638px\" \/><\/a><\/p>\n<p style=\"text-align: justify;\">\n<p style=\"text-align: justify;\">\n<p style=\"text-align: justify;\">\n<p style=\"text-align: justify;\">\n<p style=\"text-align: justify;\">\n<p style=\"text-align: justify;\">Si quieres informaci\u00f3n sobre las pr\u00f3ximas\u00a0actividades\u00a0en ECAS puedes consultarlas\u00a0en la \u00faltima revista publicada de esta Navidad (puedes acceder a ella pinchando sobre la portada):<a title=\"Revistas Publicadas\" href=\"http:\/\/www.asociacionecas.es\/?page_id=106\"><img decoding=\"async\" loading=\"lazy\" class=\"alignleft wp-image-1780\" src=\"http:\/\/www.asociacionecas.es\/wp-content\/uploads\/2015\/01\/revi95.jpg\" alt=\"Revista n\u00ba 95\" width=\"151\" height=\"214\" srcset=\"http:\/\/www.asociacionecas.es\/wp-content\/uploads\/2015\/01\/revi95.jpg 542w, http:\/\/www.asociacionecas.es\/wp-content\/uploads\/2015\/01\/revi95-211x300.jpg 211w\" sizes=\"(max-width: 151px) 100vw, 151px\" \/><\/a><\/p>\n<p>&nbsp;<\/p>\n<p>&nbsp;<\/p>\n","protected":false},"excerpt":{"rendered":"<p>Ayer d\u00eda 17, celebramos con gran alegr\u00eda las CONFIRMACIONES de un nutrido grupo de j\u00f3venes de ECAS. A las seis de la tarde en la Iglesia Catedral de Almer\u00eda, el Rvdmo. Sr. Obispo de Almer\u00eda confirm\u00f3 con el rito de &hellip; <a href=\"http:\/\/www.asociacionecas.es\/?p=1777\">Sigue leyendo <span class=\"meta-nav\">&rarr;<\/span><\/a><\/p>\n","protected":false},"author":1,"featured_media":0,"comment_status":"open","ping_status":"open","sticky":false,"template":"","format":"standard","meta":[],"categories":[1],"tags":[],"_links":{"self":[{"href":"http:\/\/www.asociacionecas.es\/index.php?rest_route=\/wp\/v2\/posts\/1777"}],"collection":[{"href":"http:\/\/www.asociacionecas.es\/index.php?rest_route=\/wp\/v2\/posts"}],"about":[{"href":"http:\/\/www.asociacionecas.es\/index.php?rest_route=\/wp\/v2\/types\/post"}],"author":[{"embeddable":true,"href":"http:\/\/www.asociacionecas.es\/index.php?rest_route=\/wp\/v2\/users\/1"}],"replies":[{"embeddable":true,"href":"http:\/\/www.asociacionecas.es\/index.php?rest_route=%2Fwp%2Fv2%2Fcomments&post=1777"}],"version-history":[{"count":4,"href":"http:\/\/www.asociacionecas.es\/index.php?rest_route=\/wp\/v2\/posts\/1777\/revisions"}],"predecessor-version":[{"id":1783,"href":"http:\/\/www.asociacionecas.es\/index.php?rest_route=\/wp\/v2\/posts\/1777\/revisions\/1783"}],"wp:attachment":[{"href":"http:\/\/www.asociacionecas.es\/index.php?rest_route=%2Fwp%2Fv2%2Fmedia&parent=1777"}],"wp:term":[{"taxonomy":"category","embeddable":true,"href":"http:\/\/www.asociacionecas.es\/index.php?rest_route=%2Fwp%2Fv2%2Fcategories&post=1777"},{"taxonomy":"post_tag","embeddable":true,"href":"http:\/\/www.asociacionecas.es\/index.php?rest_route=%2Fwp%2Fv2%2Ftags&post=1777"}],"curies":[{"name":"wp","href":"https:\/\/api.w.org\/{rel}","templated":true}]}}