{"id":1758,"date":"2014-12-23T00:17:08","date_gmt":"2014-12-22T23:17:08","guid":{"rendered":"http:\/\/www.asociacionecas.es\/?p=1758"},"modified":"2014-12-23T00:17:08","modified_gmt":"2014-12-22T23:17:08","slug":"festival-de-navidad-2014","status":"publish","type":"post","link":"http:\/\/www.asociacionecas.es\/?p=1758","title":{"rendered":"Festival de Navidad 2014"},"content":{"rendered":"<p>&nbsp;<\/p>\n<p style=\"text-align: justify;\">El pasado sabado dia 20 de Diciembre celebramos la Navidad todos los miembros del Movimiento ECAS primero con una misa muy bonita en la Parroquia de Santiago que prepararon el grupo de j\u00f3venes y despues con el tradicional Festival de Navidad en el sal\u00f3n de actos del\u00a0Colegio La Salle\u00a0en el que participaron todos los grupos con sus teatros, villancicos y actuaciones con los que amenizaron una inolvidable tarde que culmin\u00f3 con un peque\u00f1o agape en el patio del colegio. Desde estas lineas queremos desearos a todos una Felix Navidad, que el ni\u00f1o Dios os llene de Amor y Felicidad y que el a\u00f1o que viene nos traiga a todos la Paz que el Se\u00f1or nos vino a traer al Mundo.<img decoding=\"async\" loading=\"lazy\" class=\"rg_i alignright\" style=\"width: 251px; height: 201px; margin-top: -8px; margin-right: 0px; margin-left: 0px;\" src=\"https:\/\/encrypted-tbn3.gstatic.com\/images?q=tbn:ANd9GcSJwhpmQ7J13SfuKl1_6mhkubVMB0EEGTwZV6Hf3PZFRKhHgLpsAw\" alt=\"\" width=\"251\" height=\"201\" name=\"5f1L79qe_HaJ-M:\" data-src=\"https:\/\/encrypted-tbn3.gstatic.com\/images?q=tbn:ANd9GcSJwhpmQ7J13SfuKl1_6mhkubVMB0EEGTwZV6Hf3PZFRKhHgLpsAw\" data-sz=\"f\" \/><\/p>\n<p style=\"text-align: justify;\"><p id=\"player1\" style=\"display:none\"><a href=\"http:\/\/www.macromedia.com\/go\/getflashplayer\">Get the latest Flash Player<\/a> to see this player.<\/p>\r\n<noscript><p>[Javascript required to view Flash movie, please turn it on and refresh this page]<\/p><\/noscript>\r\n\r\n<script type=\"text\/javascript\">\r\n\tdocument.getElementById(\"player1\").style.display = \"\";\r\n\t\r\n\tvar s1 = new SWFObject(\"\/wp-contents\/jw-flv-player\/player.swf\",\"player1\",\"350\",\"320\",\"7\");\r\n\ts1.addParam(\"wmode\",\"transparent\");\r\n\ts1.addParam(\"allowscriptaccess\",\"always\");\r\n\ts1.addParam(\"allowfullscreen\",\"true\");\r\n\ts1.addVariable(\"height\",\"320\");\r\n\ts1.addVariable(\"width\",\"350\"); \n\ts1.addVariable(\"file\",\"http:\/\/www.asociacionecas.es\/videos\/villancico2014.flv\");\n\ts1.addVariable(\"image\",\"http:\/\/www.asociacionecas.es\/videos\/villancico2014.jpg\");\n\ts1.addVariable(\"link\",\"http:\/\/www.asociacionecas.es\/videos\/villancico2014.flv\");\n\ts1.addVariable(\"showstop\",\"true\");\n\ts1.addVariable(\"showdownload\",\"true\");\n\ts1.addVariable(\"autostart\",\"true\");\r\n\ts1.write(\"player1\");\r\n<\/script> Villancico Grupo Viernes<\/p>\n<p>&nbsp;<\/p>\n<p>&nbsp;<\/p>\n","protected":false},"excerpt":{"rendered":"<p>&nbsp; El pasado sabado dia 20 de Diciembre celebramos la Navidad todos los miembros del Movimiento ECAS primero con una misa muy bonita en la Parroquia de Santiago que prepararon el grupo de j\u00f3venes y despues con el tradicional Festival &hellip; <a href=\"http:\/\/www.asociacionecas.es\/?p=1758\">Sigue leyendo <span class=\"meta-nav\">&rarr;<\/span><\/a><\/p>\n","protected":false},"author":1,"featured_media":0,"comment_status":"open","ping_status":"open","sticky":false,"template":"","format":"standard","meta":[],"categories":[1],"tags":[],"_links":{"self":[{"href":"http:\/\/www.asociacionecas.es\/index.php?rest_route=\/wp\/v2\/posts\/1758"}],"collection":[{"href":"http:\/\/www.asociacionecas.es\/index.php?rest_route=\/wp\/v2\/posts"}],"about":[{"href":"http:\/\/www.asociacionecas.es\/index.php?rest_route=\/wp\/v2\/types\/post"}],"author":[{"embeddable":true,"href":"http:\/\/www.asociacionecas.es\/index.php?rest_route=\/wp\/v2\/users\/1"}],"replies":[{"embeddable":true,"href":"http:\/\/www.asociacionecas.es\/index.php?rest_route=%2Fwp%2Fv2%2Fcomments&post=1758"}],"version-history":[{"count":14,"href":"http:\/\/www.asociacionecas.es\/index.php?rest_route=\/wp\/v2\/posts\/1758\/revisions"}],"predecessor-version":[{"id":1772,"href":"http:\/\/www.asociacionecas.es\/index.php?rest_route=\/wp\/v2\/posts\/1758\/revisions\/1772"}],"wp:attachment":[{"href":"http:\/\/www.asociacionecas.es\/index.php?rest_route=%2Fwp%2Fv2%2Fmedia&parent=1758"}],"wp:term":[{"taxonomy":"category","embeddable":true,"href":"http:\/\/www.asociacionecas.es\/index.php?rest_route=%2Fwp%2Fv2%2Fcategories&post=1758"},{"taxonomy":"post_tag","embeddable":true,"href":"http:\/\/www.asociacionecas.es\/index.php?rest_route=%2Fwp%2Fv2%2Ftags&post=1758"}],"curies":[{"name":"wp","href":"https:\/\/api.w.org\/{rel}","templated":true}]}}