{"id":1754,"date":"2014-11-23T10:23:05","date_gmt":"2014-11-23T09:23:05","guid":{"rendered":"http:\/\/www.asociacionecas.es\/?p=1754"},"modified":"2014-11-23T10:23:05","modified_gmt":"2014-11-23T09:23:05","slug":"reunion-de-animadoresresponsables-e-c-a-s","status":"publish","type":"post","link":"http:\/\/www.asociacionecas.es\/?p=1754","title":{"rendered":"Reuni\u00f3n de Animadores\/Responsables E.C.A.S."},"content":{"rendered":"<p style=\"text-align: justify;\">En los pisos el D\u00eda 19 de Noviembre se tuvo la Reuni\u00f3n de Responsables. En primer lugar se ley\u00f3 el Evangelio: la \u201cPar\u00e1bola de los talentos\u201d; este evangelio nos viene muy bien para comenzar la reuni\u00f3n y\u00a0 para tomar conciencia de que debemos aprovechar los talentos que Dios nos da y ofrecerlos a los dem\u00e1s.-<\/p>\n<p style=\"text-align: justify;\">A continuaci\u00f3n D. Jes\u00fas nos hace unas reflexiones:<\/p>\n<p style=\"text-align: justify;\">&#8211;\u00a0\u00a0\u00a0\u00a0\u00a0\u00a0\u00a0\u00a0\u00a0 Palabra de agradecimiento a todos los responsables por venir y ser responsables de grupo; nos hace ver la importancia que tiene ser responsable.<\/p>\n<p style=\"text-align: justify;\">&#8211;\u00a0\u00a0\u00a0\u00a0\u00a0\u00a0\u00a0\u00a0\u00a0 Para ser Responsable de Grupo, D. Jes\u00fas nos transmite que debemos: PARARNOS, HACER EXAMEN DE CONCIENCIA Y AVANZAR, todo en beneficio y crecimiento del GRUPO.<\/p>\n<p style=\"text-align: justify;\">&#8211;\u00a0\u00a0\u00a0\u00a0\u00a0\u00a0\u00a0\u00a0\u00a0 Ser Grupo Cristiano es una forma de entender la vida y de tener unos valores firmes apoyados en la FE; es un MILAGRO. El Grupo se convierte para nosotros en una Segunda Familia que llega a ser tan importante como nuestra familia de sangre, he aqu\u00ed el Milagro.<\/p>\n<p style=\"text-align: justify;\">&#8211;\u00a0\u00a0\u00a0\u00a0\u00a0\u00a0\u00a0\u00a0\u00a0 D. Jes\u00fas resalta cualidades que debe cultivar el buen Responsable de Grupo: Animar, Guiar, Unir al Grupo y llevar a los miembros del Grupo a participar en las actividades del Movimiento.<a href=\"http:\/\/www.asociacionecas.es\/wp-content\/uploads\/2014\/03\/8.jpg\"><img decoding=\"async\" loading=\"lazy\" class=\"alignleft  wp-image-1659\" src=\"http:\/\/www.asociacionecas.es\/wp-content\/uploads\/2014\/03\/8.jpg\" alt=\"8\" width=\"346\" height=\"230\" srcset=\"http:\/\/www.asociacionecas.es\/wp-content\/uploads\/2014\/03\/8.jpg 800w, http:\/\/www.asociacionecas.es\/wp-content\/uploads\/2014\/03\/8-300x199.jpg 300w\" sizes=\"(max-width: 346px) 100vw, 346px\" \/><\/a><\/p>\n<p style=\"text-align: justify;\">&#8211;\u00a0\u00a0\u00a0\u00a0\u00a0\u00a0\u00a0\u00a0\u00a0 Para terminar nos resalta esta idea: SER ANIMADOR O RESPONSABLE es uno de los grandes Servicios que puedes dar a los dem\u00e1s, y a ti mismo. Hay que DAR siempre, luego recibiremos con mayor ALEGRIA.<\/p>\n<p style=\"text-align: justify;\">A continuaci\u00f3n algunos asistentes empiezan a reflexionar y\u00a0 a comentar algunas ideas, pero para llevar una cronolog\u00eda terminamos con D. Jes\u00fas que nos deja estas preguntas relativas al Curso Pasado:<\/p>\n<p style=\"text-align: justify;\">\u00a0\u00a0\u00a0\u00a0\u00a0\u00a0\u00a0\u00a0\u00a0\u00a0\u00a0 \u00bfC\u00f3mo lo hemos realizado y c\u00f3mo ha avanzado el Grupo?<\/p>\n<p style=\"text-align: justify;\">\u00a0\u00a0\u00a0\u00a0\u00a0\u00a0\u00a0\u00a0\u00a0\u00a0\u00a0 \u00bfQu\u00e9 haces para que t\u00fa Grupo se sienta m\u00e1s Unido?<\/p>\n<p style=\"text-align: justify;\">\u00a0\u00a0\u00a0\u00a0\u00a0\u00a0\u00a0\u00a0\u00a0\u00a0\u00a0 \u00bfC\u00f3mo ha participado tu grupo en el Movimiento?<\/p>\n<p style=\"text-align: justify;\">\u00a0\u00a0\u00a0\u00a0\u00a0\u00a0\u00a0\u00a0\u00a0\u00a0\u00a0 \u00bfRezas a menudo por tu grupo?<\/p>\n<p style=\"text-align: justify;\">Todos los Responsables de Grupo comentamos y reflexionamos sobre estas cuestiones y recojo algunas ideas:<\/p>\n<p style=\"text-align: justify;\">PEDRO del grupo Lunes resalta el crecimiento en su Grupo, interiormente sobre todo, se consideran una Familia. Este grupo quiere abrir Ecas al exterior, un mayor compromiso con las personas (Voluntariado por ejemplo, este punto lo veremos m\u00e1s adelante).<\/p>\n<p style=\"text-align: justify;\">JULIAN del grupo Martes: nos comenta que su grupo esta en continua formaci\u00f3n, que dan mucha importancia a la Eucarist\u00eda, y que por ser un grupo de personas mayores tienen m\u00e1s dificultad para los viajes.<\/p>\n<p style=\"text-align: justify;\">CARLOS del grupo Jueves: Que estamos muy contentos por la consolidaci\u00f3n del Grupo, y que vemos que estas personas est\u00e1n participando en las actividades del Movimiento: Ejercicios Espirituales, Convivencia etc\u2026<\/p>\n<p style=\"text-align: justify;\">CARMEN grupo viernes: Nos habla de la mec\u00e1nica de su grupo, ellos dan importancia a la Eucarist\u00eda y a la lectura una vez al mes del Evangelio que elijan, para ellos es muy importante reflexionar sobre los Evangelios y nos invitan a los dem\u00e1s a hacerlo.<\/p>\n<p style=\"text-align: justify;\">CONDE\u00a0 grupo de j\u00f3venes: Nos habla de la Alegr\u00eda de tener actualmente muchos j\u00f3venes que est\u00e1n respondiendo con mucha FE, y que a su vez estos j\u00f3venes ya est\u00e1n formando a otros grupos de menor edad que es muy importante.<a href=\"http:\/\/www.asociacionecas.es\/wp-content\/uploads\/2014\/03\/29.jpg\"><img decoding=\"async\" loading=\"lazy\" class=\"alignleft  wp-image-1679\" src=\"http:\/\/www.asociacionecas.es\/wp-content\/uploads\/2014\/03\/29.jpg\" alt=\"29\" width=\"444\" height=\"296\" srcset=\"http:\/\/www.asociacionecas.es\/wp-content\/uploads\/2014\/03\/29.jpg 800w, http:\/\/www.asociacionecas.es\/wp-content\/uploads\/2014\/03\/29-300x199.jpg 300w\" sizes=\"(max-width: 444px) 100vw, 444px\" \/><\/a><\/p>\n<p style=\"text-align: justify;\">ENCARNI grupo de catequesis: nos habla de la importancia de formar a estos ni\u00f1os, nos pide colaboraci\u00f3n para con los padres de estos ni\u00f1os (dando testimonio de nuestras experiencias), y que hablemos en el exterior de este Grupo (al ser en Viernes, es un d\u00eda muy bueno para los ni\u00f1os); sobre todo COLABORACION.<\/p>\n<p style=\"text-align: justify;\">JOSE MIGUEL grupo de Liturgia: Nos comenta que con la creaci\u00f3n de este grupo ha observado que las Misas de los S\u00e1bados est\u00e1n mejor organizadas, y que los miembros de los grupos est\u00e1n participando de lleno en ellas, esto es muy importante para nuestro crecimiento y confianza en la FE.<\/p>\n<p style=\"text-align: justify;\">EMILIO de la Fundaci\u00f3n: Emilio nos dice que la Fundaci\u00f3n es el brazo ejecutor del Moviendo ECAS, por lo tanto debemos ser conscientes de que los miembros de ECAS DEBEMOS ser los primeros socios, y estar en continua b\u00fasqueda de nuevos socios. Tener un n\u00famero alto de socios es vital para poder realizar Proyectos.<\/p>\n<p style=\"text-align: justify;\">Una vez terminadas estas reflexiones y de comentarlas entre todos, JOAQUIN CONDE nos propone el Lema para este a\u00f1o, que coincidiendo con el Aniversario de Santa Teresa podr\u00eda ser: \u201cNada te turbe, nada te espante\u2026.s\u00f3lo Dios basta\u201d.<\/p>\n<p style=\"text-align: justify;\">D. Jes\u00fas propone como Objetivo del A\u00f1o: \u201cORACI\u00d3N PERSONAL FUERA DE ECAS \u201c, ( en casa, en Misa, etc&#8230;). A este punto Bienvenido a\u00f1ade oraci\u00f3n en Familia con esposa e hijos, por lo que podr\u00eda ser \u201cORACION PERSONAL EN FAMILIA, FUERA DE ECAS\u201d.<\/p>\n<p style=\"text-align: justify;\">Un punto muy IMPORTANTE destacado por muchos Responsables y en particular por Bienvenido: El Grupo de J\u00f3venes que son el futuro de Ecas. Destacar su continuidad y perseverancia, su avance en n\u00famero y grupos de j\u00f3venes. Su Alegr\u00eda en las Convivencias, su compromiso en la Campa\u00f1a de Alimentos y su FE en los Ejercicios Espirituales, FELICIDADES A CONDE Y A ESTOS CHICOS Y GRACIAS A DIOS POR ILUMINARLOS.<\/p>\n<p style=\"text-align: justify;\">Como he dicho antes durante la Reuni\u00f3n todos participamos continuamente, es dif\u00edcil recogerlo todo y algunas ideas se pueden pasar y no estar bien explicadas. En este momento voy a abrir un Capitulo General de SUGERENCIAS, PROPUESTAS E IDEAS PARA ESTE A\u00d1O:<\/p>\n<p style=\"text-align: justify;\"><strong>JOAQUIN CONDE<\/strong>\u00a0 expone:<\/p>\n<p style=\"text-align: justify;\">&#8211;\u00a0\u00a0\u00a0\u00a0\u00a0\u00a0\u00a0\u00a0\u00a0 Limpieza de los pisos (1 vez al mes cada grupo); se comunicara como quedar\u00eda, y se pide colaboraci\u00f3n.<\/p>\n<p style=\"text-align: justify;\">&#8211;\u00a0\u00a0\u00a0\u00a0\u00a0\u00a0\u00a0\u00a0\u00a0 Hacer VOLUNTARIADO a nivel de movimiento ECAS, de una forma profesional: creando una base de datos con las personas interesadas en colaborar, estando registrado legalmente y con el Seguro correspondiente. SE INFORMARA.<a href=\"http:\/\/www.asociacionecas.es\/wp-content\/uploads\/2012\/12\/alimentos.jpg\"><img decoding=\"async\" loading=\"lazy\" class=\"alignleft size-full wp-image-1338\" src=\"http:\/\/www.asociacionecas.es\/wp-content\/uploads\/2012\/12\/alimentos.jpg\" alt=\"alimentos\" width=\"195\" height=\"205\" \/><\/a><\/p>\n<p style=\"text-align: justify;\">&#8211;\u00a0\u00a0\u00a0\u00a0\u00a0\u00a0\u00a0\u00a0\u00a0 Crear la figura del ACOMPA\u00d1AMIENTO ESPIRITUAL que no tiene que ser un sacerdote. La idea es que algunos podamos ejercer esta labor por ejemplo con los j\u00f3venes, para unir a dos generaciones. SE INFORMARA.<\/p>\n<p style=\"text-align: justify;\">&#8211; \u00a0\u00a0\u00a0 Hacer Oraci\u00f3n no presencial con nuestro Grupo, desde casa, elegir un d\u00eda y una hora de la semana para que todos a la vez estemos conectados a trav\u00e9s de esta oraci\u00f3n. Es una forma de fortalecer nuestra FE y crear un v\u00ednculo familiar entre nosotros.<\/p>\n<p style=\"text-align: justify;\"><strong>JOSE M. GRUPO LITURGIA:<\/strong><\/p>\n<p style=\"text-align: justify;\">&#8211;\u00a0\u00a0\u00a0\u00a0\u00a0\u00a0\u00a0\u00a0\u00a0 Propone la idea de que una vez tengamos los correos electr\u00f3nicos de m\u00e1s personas de nuestros grupos, se les facilitar\u00e1 EL EVANGELIO DEL D\u00cdA, a dicho correo para que lo leamos todos. Es una forma de estar UNIDOS y de acercarnos a la Palabra de Dios.<\/p>\n<p style=\"text-align: justify;\">&#8211;\u00a0\u00a0\u00a0\u00a0\u00a0\u00a0\u00a0\u00a0\u00a0 Crear una Carpeta de ORACIONES, todas las personas pueden colaborar y dejar oraciones que a su vez podremos utilizar en nuestras Reuniones.<\/p>\n<p style=\"text-align: justify;\"><strong>PEDRO DE GRUPO LUNES: <\/strong>Comenta:<\/p>\n<p style=\"text-align: justify;\">&#8211;\u00a0\u00a0\u00a0\u00a0\u00a0\u00a0\u00a0\u00a0\u00a0 Su grupo propone esta idea \u201cUNA PERSONA UN SOCIO\u201d; que tengamos para este a\u00f1o como objetivo que cada persona consiga un socio para la Fundaci\u00f3n.<\/p>\n<p style=\"text-align: justify;\">&#8211;\u00a0\u00a0\u00a0\u00a0\u00a0\u00a0\u00a0\u00a0\u00a0 Crear una \u00a0\u201cBOLSA ESPIRITUAL\u201d con voluntarios, para mezclar a j\u00f3venes con adultos. Esta idea es complementaria a la figura de \u201cACOMPA\u00d1AMIENTO ESPIRITUAL\u201d antes comentada, y se podr\u00eda potenciar sobre todo en las CONVIVENCIAS.<\/p>\n<p style=\"text-align: justify;\"><strong>PURA Y GULLERMO: Pura<\/strong> y Guillermo nos hablan del Voluntariado como una herramienta para nuestro crecimiento personal. Su Grupo quiere crear una ficha de voluntarios que deseen participar. Estas personas facilitaran tel\u00e9fonos de contactos, d\u00eda y horas de la semana en los que podr\u00edan colaborar, y actividades a las que mejor se adaptar\u00edan. Esta idea es complementaria al VOLUNTARIADO PROFESIONAL al que se refer\u00eda CONDE, y estar\u00e1n en contacto con \u00e9l a fin de coordinarse lo mejor posible. SE INFORMARA UNA VEZ DESARROLLADO.<strong>\u00a0\u00a0<\/strong><\/p>\n<p style=\"text-align: justify;\"><strong>ENCARNI:<\/strong>\u00a0 Que realicemos a nivel de Grupos (Tipo Convivencia) alguna \u201cPeregrinaci\u00f3n para visitar alguna Virgen como F\u00e1tima, Lourdes).<\/p>\n<p style=\"text-align: justify;\"><strong>EMILIO: Nos<\/strong> informa de un proyecto en estudio de la Fundaci\u00f3n, LAS MICRODONACIONES (Colaborar con 1 euro), es una forma f\u00e1cil para aquellas familias con menos recursos y que quieren colaborar. Una vez desarrollado se nos informara para que le demos difusi\u00f3n.<\/p>\n<p style=\"text-align: justify;\">Aqu\u00ed finaliza el bloque de sugerencias y propuestas, pido disculpas por adelantado por si me he olvidado de alguna, o no he sabido explicar lo suficiente alguna de estas ideas.<\/p>\n<p style=\"text-align: justify;\">Para finalizar la Reuni\u00f3n Bienvenido nos recuerda el \u00e9xito de la Cena Solidaria, nos da la Gracias por nuestra colaboraci\u00f3n y nos recuerda la importancia de esta Cena para la Fundaci\u00f3n. \u00a0D. Jes\u00fas cierra la reuni\u00f3n rezando a la Virgen, y la oraci\u00f3n de Santa Teresa.<\/p>\n<p><strong>\u00a0\u00a0\u00a0\u00a0\u00a0\u00a0\u00a0\u00a0\u00a0\u00a0\u00a0\u00a0\u00a0\u00a0\u00a0\u00a0\u00a0\u00a0\u00a0\u00a0\u00a0\u00a0\u00a0\u00a0\u00a0\u00a0\u00a0\u00a0\u00a0\u00a0\u00a0\u00a0\u00a0\u00a0\u00a0\u00a0\u00a0\u00a0\u00a0\u00a0\u00a0\u00a0\u00a0\u00a0\u00a0\u00a0\u00a0\u00a0\u00a0\u00a0\u00a0\u00a0\u00a0\u00a0\u00a0\u00a0\u00a0\u00a0\u00a0\u00a0\u00a0\u00a0\u00a0\u00a0\u00a0\u00a0\u00a0\u00a0\u00a0\u00a0\u00a0\u00a0\u00a0\u00a0\u00a0\u00a0\u00a0\u00a0\u00a0\u00a0\u00a0 Un saludo: Carlos.-<\/strong><\/p>\n<p>&nbsp;<\/p>\n<p>&nbsp;<\/p>\n<p>&nbsp;<\/p>\n","protected":false},"excerpt":{"rendered":"<p>En los pisos el D\u00eda 19 de Noviembre se tuvo la Reuni\u00f3n de Responsables. En primer lugar se ley\u00f3 el Evangelio: la \u201cPar\u00e1bola de los talentos\u201d; este evangelio nos viene muy bien para comenzar la reuni\u00f3n y\u00a0 para tomar conciencia &hellip; <a href=\"http:\/\/www.asociacionecas.es\/?p=1754\">Sigue leyendo <span class=\"meta-nav\">&rarr;<\/span><\/a><\/p>\n","protected":false},"author":1,"featured_media":0,"comment_status":"open","ping_status":"open","sticky":false,"template":"","format":"standard","meta":[],"categories":[1],"tags":[],"_links":{"self":[{"href":"http:\/\/www.asociacionecas.es\/index.php?rest_route=\/wp\/v2\/posts\/1754"}],"collection":[{"href":"http:\/\/www.asociacionecas.es\/index.php?rest_route=\/wp\/v2\/posts"}],"about":[{"href":"http:\/\/www.asociacionecas.es\/index.php?rest_route=\/wp\/v2\/types\/post"}],"author":[{"embeddable":true,"href":"http:\/\/www.asociacionecas.es\/index.php?rest_route=\/wp\/v2\/users\/1"}],"replies":[{"embeddable":true,"href":"http:\/\/www.asociacionecas.es\/index.php?rest_route=%2Fwp%2Fv2%2Fcomments&post=1754"}],"version-history":[{"count":2,"href":"http:\/\/www.asociacionecas.es\/index.php?rest_route=\/wp\/v2\/posts\/1754\/revisions"}],"predecessor-version":[{"id":1756,"href":"http:\/\/www.asociacionecas.es\/index.php?rest_route=\/wp\/v2\/posts\/1754\/revisions\/1756"}],"wp:attachment":[{"href":"http:\/\/www.asociacionecas.es\/index.php?rest_route=%2Fwp%2Fv2%2Fmedia&parent=1754"}],"wp:term":[{"taxonomy":"category","embeddable":true,"href":"http:\/\/www.asociacionecas.es\/index.php?rest_route=%2Fwp%2Fv2%2Fcategories&post=1754"},{"taxonomy":"post_tag","embeddable":true,"href":"http:\/\/www.asociacionecas.es\/index.php?rest_route=%2Fwp%2Fv2%2Ftags&post=1754"}],"curies":[{"name":"wp","href":"https:\/\/api.w.org\/{rel}","templated":true}]}}