{"id":1749,"date":"2014-11-06T19:09:51","date_gmt":"2014-11-06T18:09:51","guid":{"rendered":"http:\/\/www.asociacionecas.es\/?p=1749"},"modified":"2014-11-06T19:09:51","modified_gmt":"2014-11-06T18:09:51","slug":"noticias-de-la-iglesia-vi-2","status":"publish","type":"post","link":"http:\/\/www.asociacionecas.es\/?p=1749","title":{"rendered":"Noticias de la Iglesia (VI)"},"content":{"rendered":"<div style=\"text-align: justify;\"><span style=\"font-family: Arial; font-size: small;\"><a href=\"http:\/\/www.asociacionecas.es\/wp-content\/uploads\/2014\/11\/teresa-de-jesus.png\"><img decoding=\"async\" loading=\"lazy\" class=\"alignleft size-full wp-image-1750\" src=\"http:\/\/www.asociacionecas.es\/wp-content\/uploads\/2014\/11\/teresa-de-jesus.png\" alt=\"teresa de jesus\" width=\"198\" height=\"254\" \/><\/a>Queridos amigos\/as y compa\u00f1eros\/as en la Fe:\u00a0\u00a0<\/span><\/div>\n<div style=\"text-align: justify;\"><span style=\"font-family: Arial; font-size: small;\">Recien iniciado el nuevo curso en ECAS, volvemos\u00a0 a comunicar y compartir con todos\u00a0vosotros aquellas noticias y \u00a0eventos que son destacables en el seno de\u00a0la Iglesia; con el deseo de que se comparta en grupos y entorno, y as\u00ed hacer m\u00e1s universal la ingente labor de los que sirven bajo las mandatos de la gracia de Dios<\/span><\/div>\n<div style=\"text-align: justify;\"><\/div>\n<div style=\"text-align: justify;\"><span style=\"font-family: Arial; font-size: small;\">Quiero empezar este curso\u00a0destacando esa enorme tarea que ejercen aquellos que bajo las siglas de\u00a0nuestra\u00a0iglesia, esparcen amor y algo m\u00e1s\u00a0por todos los rincones del mundo; llegando a sitios tan necesitados como rec\u00f3nditos, y prestando una labor generosa, altruista, que a veces \u00a0y en la mayor\u00eda de los casos se convierte en \u00a0el \u00fanico consuelo de los que la reciben.<\/span><\/div>\n<div style=\"text-align: justify;\"><span style=\"font-family: Arial; font-size: small;\">Dicha labor se ha vivido de cerca una vez m\u00e1s por nuestos compa\u00f1eros, que en nombre de la Fundaci\u00f3n,\u00a0una vez m\u00e1s se han\u00a0acercado este verano a constatar y\u00a0vivir los\u00a0\u00a0problemas de pobreza y miser\u00eda que hay en\u00a0tantos rincones del mundo. Ellos han sido testigos de primer\u00edsima mano de cuan larga es la mano generosa de los siervos de la Fe; personas que lo dejan todo para estar\u00a0 y compartir miserias y probreza, haciendo llegar el mensaje del evangelio a tantos como los necesitan, y entregando su vida a la misi\u00f3n de servir al pr\u00f3jimo.\u00a0\u00a1Hermosa labor\u00a0!.<\/span><\/div>\n<div style=\"text-align: justify;\"><span style=\"font-family: Arial; font-size: small;\">Al\u00a0vivir las explicaciones que nos han dado, contrastadas con duras im\u00e1genes de las vivencias, nos ayudan a comprender cuan dura a la vez que desprendida puede llegar a ser la generosidad entre hermanos y alabar la\u00a0grandeza del Se\u00f1or en sus obras.<\/span><\/div>\n<div style=\"text-align: justify;\"><span style=\"font-family: Arial; font-size: small;\">Esto nos debe hacer reflexionar sobre cual puede y debe ser nuestra aportaci\u00f3n desde el movimiento; seguro que mucho m\u00e1s de lo que nosotros podemos llegar a pensar, y para eso debemos seguir formando parte activa de todas las actividades que ECAS y la Fundaci\u00f3n realizan para ayudar a los necesitados.<\/span><\/div>\n<div style=\"text-align: justify;\"><\/div>\n<div style=\"text-align: justify;\"><span style=\"font-family: Arial; font-size: small;\">Ser\u00eda muy extenso y dedicar\u00edamos muchas p\u00e1ginas a ensalzar esa magestuosa labor, pero como s\u00edntesis, valga que debemos ser conscientes\u00a0que nuestra labor debe\u00a0servir para ayudar a nuestros\u00a0 hermanos y comprometernos en ello significa hacer m\u00e1s grande la palabra del Se\u00f1or.<\/span><\/div>\n<div style=\"text-align: justify;\"><\/div>\n<div style=\"text-align: justify;\"><span style=\"font-family: Arial; font-size: small;\">Una vez destacada y resaltada\u00a0esta labor, vamos a\u00a0se\u00f1alar algunas noticias acaecidas recientemente en el seno de la iglesia y que considero\u00a0debemos\u00a0conocer:<\/span><\/div>\n<div style=\"text-align: justify;\"><\/div>\n<div style=\"text-align: justify;\"><span style=\"font-family: Arial; font-size: small;\">En primer lugar destacar que desde octubre-2014 a octubre-2015, la iglesia\u00a0celebra el V Centenario de la Santa Teresa de Jesus, y bajo el lema \u00abPara Vos Nac\u00ed\u00bb,\u00a0 se pretende concienciar de la importancia de la figura de Teresa y su aportaci\u00f3n para con\u00a0la Fe cristiana. <\/span><\/div>\n<div style=\"text-align: justify;\"><span style=\"font-family: Arial; font-size: small;\">Me gustar\u00eda destacar una frase que se otorga a la madre Teresa y que simboliza muy bien los tiempos actuales: \u00abEn tiempos recios, amigos fuertes de Dios\u00bb.<\/span><\/div>\n<div style=\"text-align: justify;\"><span style=\"font-family: Arial; font-size: small;\">Seguro que durante este a\u00f1o de su celebraci\u00f3n tendremos oportunidad de hablar y conocer m\u00e1s a fondo la vida de esta Santa.<\/span><\/div>\n<div style=\"text-align: justify;\"><\/div>\n<div style=\"text-align: justify;\"><span style=\"font-family: Arial; font-size: small;\">Recientes son tambi\u00e9n dos nuevas Beatificaciones que la iglesia ha celebrado recientemente, y son de una parte la de El Papa Pablo Vi, conocido como el Papa del sufrimiento, y de otra parte la de D. Alvaro del Portillo, figura insignie en el direcci\u00f3n del Opus Dei.<\/span><\/div>\n<div style=\"text-align: justify;\"><\/div>\n<div style=\"text-align: justify;\"><span style=\"font-family: Arial; font-size: small;\">Finalmente destacar el adios\u00a0 del Cardenal Rouco Varela a\u00a0la di\u00f3cesis de Madrid; finalizando una etapa que ha durado 20 a\u00f1os\u00a0al servicio de la Comuni\u00f3n.<\/span><\/div>\n<div style=\"text-align: justify;\"><\/div>\n<div style=\"text-align: justify;\"><span style=\"font-family: Arial; font-size: small;\">Espero que sigamos en contacto, y\u00a0que sepais que cualquier idea o sugerencia siempre es\u00a0bien venida, si es para crecer en el Se\u00f1or. <\/span><\/div>\n<div style=\"text-align: justify;\"><\/div>\n<div style=\"text-align: justify;\"><span style=\"font-family: Arial; font-size: small;\">Saludos y hasta la pr\u00f3xima.<\/span><\/div>\n<div style=\"text-align: right;\"><strong><em>Pedro Gonzalez Reche<\/em><\/strong><\/div>\n","protected":false},"excerpt":{"rendered":"<p>Queridos amigos\/as y compa\u00f1eros\/as en la Fe:\u00a0\u00a0 Recien iniciado el nuevo curso en ECAS, volvemos\u00a0 a comunicar y compartir con todos\u00a0vosotros aquellas noticias y \u00a0eventos que son destacables en el seno de\u00a0la Iglesia; con el deseo de que se comparta &hellip; <a href=\"http:\/\/www.asociacionecas.es\/?p=1749\">Sigue leyendo <span class=\"meta-nav\">&rarr;<\/span><\/a><\/p>\n","protected":false},"author":1,"featured_media":0,"comment_status":"open","ping_status":"open","sticky":false,"template":"","format":"standard","meta":[],"categories":[1],"tags":[],"_links":{"self":[{"href":"http:\/\/www.asociacionecas.es\/index.php?rest_route=\/wp\/v2\/posts\/1749"}],"collection":[{"href":"http:\/\/www.asociacionecas.es\/index.php?rest_route=\/wp\/v2\/posts"}],"about":[{"href":"http:\/\/www.asociacionecas.es\/index.php?rest_route=\/wp\/v2\/types\/post"}],"author":[{"embeddable":true,"href":"http:\/\/www.asociacionecas.es\/index.php?rest_route=\/wp\/v2\/users\/1"}],"replies":[{"embeddable":true,"href":"http:\/\/www.asociacionecas.es\/index.php?rest_route=%2Fwp%2Fv2%2Fcomments&post=1749"}],"version-history":[{"count":1,"href":"http:\/\/www.asociacionecas.es\/index.php?rest_route=\/wp\/v2\/posts\/1749\/revisions"}],"predecessor-version":[{"id":1751,"href":"http:\/\/www.asociacionecas.es\/index.php?rest_route=\/wp\/v2\/posts\/1749\/revisions\/1751"}],"wp:attachment":[{"href":"http:\/\/www.asociacionecas.es\/index.php?rest_route=%2Fwp%2Fv2%2Fmedia&parent=1749"}],"wp:term":[{"taxonomy":"category","embeddable":true,"href":"http:\/\/www.asociacionecas.es\/index.php?rest_route=%2Fwp%2Fv2%2Fcategories&post=1749"},{"taxonomy":"post_tag","embeddable":true,"href":"http:\/\/www.asociacionecas.es\/index.php?rest_route=%2Fwp%2Fv2%2Ftags&post=1749"}],"curies":[{"name":"wp","href":"https:\/\/api.w.org\/{rel}","templated":true}]}}