{"id":1744,"date":"2014-11-01T17:34:24","date_gmt":"2014-11-01T16:34:24","guid":{"rendered":"http:\/\/www.asociacionecas.es\/?p=1744"},"modified":"2014-11-01T17:34:24","modified_gmt":"2014-11-01T16:34:24","slug":"oracion-del-miercoles-primero-de-mes","status":"publish","type":"post","link":"http:\/\/www.asociacionecas.es\/?p=1744","title":{"rendered":"ORACION DEL MIERCOLES PRIMERO DE MES"},"content":{"rendered":"<p style=\"text-align: justify;\">Como en el curso pasado, el pr\u00f3ximo miercoles dia\u00a05 de Noviembre a las 9;30 de la noche<img decoding=\"async\" loading=\"lazy\" class=\"rg_i alignleft\" style=\"width: 260px; height: 244px; margin-top: 0px; margin-right: 0px; margin-left: 0px;\" src=\"https:\/\/encrypted-tbn1.gstatic.com\/images?q=tbn:ANd9GcQctRjHskuB52TffY4ZkU5o1r_BxGBG67-Ojl4dBDHO5yEipZe4\" alt=\"\" width=\"232\" height=\"218\" name=\"r_V9VzCUQxegIM:\" data-src=\"https:\/\/encrypted-tbn1.gstatic.com\/images?q=tbn:ANd9GcQctRjHskuB52TffY4ZkU5o1r_BxGBG67-Ojl4dBDHO5yEipZe4\" data-sz=\"f\" \/>, tendremos nuestra oraci\u00f3n comunitaria a la que est\u00e1is invitados todos los Grupos de ECAS. En esta ocasi\u00f3n estar\u00e1 dirigida por nuestro querido Manolo de Berja. Esperamos la asistencia de todos vosotros pues es una oportunidad mas que el Se\u00f1or nos brinda para aumentar nuestra Fe y Amor en comunidad.<\/p>\n<p style=\"text-align: justify;\">Te esperamos.<\/p>\n","protected":false},"excerpt":{"rendered":"<p>Como en el curso pasado, el pr\u00f3ximo miercoles dia\u00a05 de Noviembre a las 9;30 de la noche, tendremos nuestra oraci\u00f3n comunitaria a la que est\u00e1is invitados todos los Grupos de ECAS. En esta ocasi\u00f3n estar\u00e1 dirigida por nuestro querido Manolo &hellip; <a href=\"http:\/\/www.asociacionecas.es\/?p=1744\">Sigue leyendo <span class=\"meta-nav\">&rarr;<\/span><\/a><\/p>\n","protected":false},"author":1,"featured_media":0,"comment_status":"open","ping_status":"open","sticky":false,"template":"","format":"standard","meta":[],"categories":[1],"tags":[],"_links":{"self":[{"href":"http:\/\/www.asociacionecas.es\/index.php?rest_route=\/wp\/v2\/posts\/1744"}],"collection":[{"href":"http:\/\/www.asociacionecas.es\/index.php?rest_route=\/wp\/v2\/posts"}],"about":[{"href":"http:\/\/www.asociacionecas.es\/index.php?rest_route=\/wp\/v2\/types\/post"}],"author":[{"embeddable":true,"href":"http:\/\/www.asociacionecas.es\/index.php?rest_route=\/wp\/v2\/users\/1"}],"replies":[{"embeddable":true,"href":"http:\/\/www.asociacionecas.es\/index.php?rest_route=%2Fwp%2Fv2%2Fcomments&post=1744"}],"version-history":[{"count":3,"href":"http:\/\/www.asociacionecas.es\/index.php?rest_route=\/wp\/v2\/posts\/1744\/revisions"}],"predecessor-version":[{"id":1747,"href":"http:\/\/www.asociacionecas.es\/index.php?rest_route=\/wp\/v2\/posts\/1744\/revisions\/1747"}],"wp:attachment":[{"href":"http:\/\/www.asociacionecas.es\/index.php?rest_route=%2Fwp%2Fv2%2Fmedia&parent=1744"}],"wp:term":[{"taxonomy":"category","embeddable":true,"href":"http:\/\/www.asociacionecas.es\/index.php?rest_route=%2Fwp%2Fv2%2Fcategories&post=1744"},{"taxonomy":"post_tag","embeddable":true,"href":"http:\/\/www.asociacionecas.es\/index.php?rest_route=%2Fwp%2Fv2%2Ftags&post=1744"}],"curies":[{"name":"wp","href":"https:\/\/api.w.org\/{rel}","templated":true}]}}