{"id":1728,"date":"2014-06-17T18:10:06","date_gmt":"2014-06-17T16:10:06","guid":{"rendered":"http:\/\/www.asociacionecas.es\/?p=1728"},"modified":"2014-06-17T18:10:06","modified_gmt":"2014-06-17T16:10:06","slug":"noticias-de-la-iglesia-vi","status":"publish","type":"post","link":"http:\/\/www.asociacionecas.es\/?p=1728","title":{"rendered":"Noticias de la Iglesia (VI)"},"content":{"rendered":"<div><span style=\"font-family: Arial; font-size: small;\">Buenos d\u00edas\u00a0hermanos\/as en la Fe del Se\u00f1or. Tal como indic\u00f3 nuestro Sacerdote y Director D. Jes\u00fas en la Eucarist\u00eda de clausura del pasado s\u00e1bado, al finalizar el curso debemos hacer un balance para afianzar lo positivo y subsanar espectos pulibles de cara al pr\u00f3ximo a\u00f1o.<\/span><\/div>\n<div><\/div>\n<div><span style=\"font-family: Arial; font-size: small;\">Primero de todo, destacar que los cristianos hemos sido bendecidos una vez m\u00e1s con la figura emergente de nuestro Papa Francisco. Su rostro atraviesa fronteras y su caracter est\u00e1 dotando a la Igles\u00eda de un nuevo carisma. Imagino que el pasado domingo 15 fuimos testigos todos los cristianos espa\u00f1oles\u00a0de la entrevista que emiti\u00f3 el Canal Cuatro al Papa Francisco, y pudimos ver una nueva versi\u00f3n de un Papa cercano, pr\u00f3ximo con los dem\u00e1s, sencillo, humilde; muy sensible con todo su reba\u00f1o, y\u00a0rebelde con el sistema capitalista, donde el dinero es el centro, desplazando al hombre. <\/span><\/div>\n<div><img decoding=\"async\" loading=\"lazy\" class=\"_6m5 fbStoryAttachmentImage img alignright\" style=\"width: 329px; height: 172px;\" src=\"https:\/\/fbexternal-a.akamaihd.net\/safe_image.php?d=AQA1SBMP3McbbtTn&amp;w=470&amp;h=246&amp;url=http%3A%2F%2Fwww.eldiaonline.com%2Fwp-content%2Fuploads%2F2014%2F02%2Fpapa.jpg&amp;cfs=1&amp;upscale&amp;sx=0&amp;sy=8&amp;sw=565&amp;sh=296\" alt=\"\" width=\"470\" height=\"246\" \/><\/div>\n<div><span style=\"font-family: Arial; font-size: small;\">Varias reflexiones dignas de destacar:<\/span><\/div>\n<div><span style=\"font-family: Arial; font-size: small;\">&#8211;\u00a0El hombre debe volver a sus raices para desde ah\u00ed afianzar sus principios cristianos. <\/span><\/div>\n<div><span style=\"font-family: Arial; font-size: small;\">&#8211; La juventud como futuro y los mayores como experiencia, deben tener un enorme valor y no descartarlos por que no son rentables econ\u00f3micamente para el sistema<\/span><\/div>\n<div><span style=\"font-family: Arial; font-size: small;\">&#8211; Buscar un entendimiento en el Padre entre las tres grandes religiones mundiales<\/span><\/div>\n<div><span style=\"font-family: Arial; font-size: small;\">&#8211; El Evangelio como herremienta de amor y Fe. etc.<\/span><\/div>\n<div><\/div>\n<div><span style=\"font-family: Arial; font-size: small;\">Aunque el curso en ECAS finaliza, y nuestro Pastor (D. Jes\u00fas), se nos marcha a seguir sembrando, nosotros tenemos que seguir juntos, unidos en el Se\u00f1or, asistiendo a las Eucarist\u00edas, y reuni\u00e9ndonos como sea, no importa donde y como, s\u00f3lo seguir juntos, orando al Se\u00f1or para que el fruto de la siembra sea fruct\u00edfero y los sembradores vuelvan llenos de amor que compartir con los que aqu\u00ed\u00a0 quedamos pidiendo por ellos.<\/span><\/div>\n<div><\/div>\n<div><span style=\"font-family: Arial; font-size: small;\">Tal como se resalt\u00f3 en la reuni\u00f3n de responsables la semana pasada, el balance del curso en general ha sido muy positivo, todas las\u00a0actividades han superado las posibles espectativas iniciales, pero hay que seguir intentando superarlas en el siguiente ejercicio. Dificil subir nota cuando se tiene una buena nota, pero seguro que todo es mejorable.<\/span><\/div>\n<div><\/div>\n<div><span style=\"font-family: Arial; font-size: small;\">Para finalizar quiero manifestar que\u00a0estas 6 ediciones peque\u00f1as, humildes y sencillas editadas en este curso sobre Noticias de\u00a0la Iglesias, s\u00f3lo han pretendido ser un peque\u00f1o est\u00edmulo que nos permite acercarnos un poco m\u00e1s a nuestra madre la Santa Iglesia\u00a0y lo que en ella se vive; casi siempre capitalizada por la filgura de El Papa Francisco como nueva y gran figura de la Fe. La idea\u00a0de acercar a los diversos grupos de ECAS,\u00a0eventos\u00a0 y noticias de la vida cristiana que nos sirvan como referente para actuar en nuestro d\u00eda a d\u00eda, individualmente y como grupo.<\/span><\/div>\n<div><span style=\"font-family: Arial; font-size: small;\">Gracias\u00a0a todos\/as.\u00a0Durante el verano seguro que <\/span>\u00a0<span style=\"font-family: Arial; font-size: small;\">seguiremos en contacto.<\/span><\/div>\n<div><strong><em>\u00a0\u00a0\u00a0\u00a0\u00a0\u00a0\u00a0\u00a0\u00a0\u00a0\u00a0\u00a0\u00a0\u00a0\u00a0\u00a0\u00a0\u00a0\u00a0\u00a0\u00a0\u00a0\u00a0\u00a0\u00a0\u00a0\u00a0\u00a0\u00a0\u00a0\u00a0\u00a0\u00a0\u00a0\u00a0\u00a0\u00a0\u00a0\u00a0\u00a0\u00a0\u00a0\u00a0\u00a0\u00a0\u00a0\u00a0\u00a0\u00a0\u00a0\u00a0\u00a0\u00a0\u00a0\u00a0\u00a0\u00a0\u00a0\u00a0\u00a0\u00a0\u00a0\u00a0\u00a0\u00a0\u00a0\u00a0\u00a0\u00a0\u00a0\u00a0\u00a0\u00a0\u00a0\u00a0\u00a0\u00a0\u00a0\u00a0\u00a0\u00a0\u00a0\u00a0\u00a0\u00a0\u00a0\u00a0\u00a0\u00a0\u00a0\u00a0\u00a0\u00a0\u00a0\u00a0\u00a0\u00a0\u00a0\u00a0\u00a0\u00a0\u00a0\u00a0 Pedro Gonzalez Reche<\/em><\/strong><\/div>\n<p>&nbsp;<\/p>\n<p>&nbsp;<\/p>\n","protected":false},"excerpt":{"rendered":"<p>Buenos d\u00edas\u00a0hermanos\/as en la Fe del Se\u00f1or. Tal como indic\u00f3 nuestro Sacerdote y Director D. Jes\u00fas en la Eucarist\u00eda de clausura del pasado s\u00e1bado, al finalizar el curso debemos hacer un balance para afianzar lo positivo y subsanar espectos pulibles &hellip; <a href=\"http:\/\/www.asociacionecas.es\/?p=1728\">Sigue leyendo <span class=\"meta-nav\">&rarr;<\/span><\/a><\/p>\n","protected":false},"author":1,"featured_media":0,"comment_status":"open","ping_status":"open","sticky":false,"template":"","format":"standard","meta":[],"categories":[1],"tags":[],"_links":{"self":[{"href":"http:\/\/www.asociacionecas.es\/index.php?rest_route=\/wp\/v2\/posts\/1728"}],"collection":[{"href":"http:\/\/www.asociacionecas.es\/index.php?rest_route=\/wp\/v2\/posts"}],"about":[{"href":"http:\/\/www.asociacionecas.es\/index.php?rest_route=\/wp\/v2\/types\/post"}],"author":[{"embeddable":true,"href":"http:\/\/www.asociacionecas.es\/index.php?rest_route=\/wp\/v2\/users\/1"}],"replies":[{"embeddable":true,"href":"http:\/\/www.asociacionecas.es\/index.php?rest_route=%2Fwp%2Fv2%2Fcomments&post=1728"}],"version-history":[{"count":3,"href":"http:\/\/www.asociacionecas.es\/index.php?rest_route=\/wp\/v2\/posts\/1728\/revisions"}],"predecessor-version":[{"id":1731,"href":"http:\/\/www.asociacionecas.es\/index.php?rest_route=\/wp\/v2\/posts\/1728\/revisions\/1731"}],"wp:attachment":[{"href":"http:\/\/www.asociacionecas.es\/index.php?rest_route=%2Fwp%2Fv2%2Fmedia&parent=1728"}],"wp:term":[{"taxonomy":"category","embeddable":true,"href":"http:\/\/www.asociacionecas.es\/index.php?rest_route=%2Fwp%2Fv2%2Fcategories&post=1728"},{"taxonomy":"post_tag","embeddable":true,"href":"http:\/\/www.asociacionecas.es\/index.php?rest_route=%2Fwp%2Fv2%2Ftags&post=1728"}],"curies":[{"name":"wp","href":"https:\/\/api.w.org\/{rel}","templated":true}]}}