{"id":1691,"date":"2014-05-01T12:04:17","date_gmt":"2014-05-01T10:04:17","guid":{"rendered":"http:\/\/www.asociacionecas.es\/?p=1691"},"modified":"2014-05-01T12:04:17","modified_gmt":"2014-05-01T10:04:17","slug":"vigilia-de-oracion-enlazate-por-la-justicia","status":"publish","type":"post","link":"http:\/\/www.asociacionecas.es\/?p=1691","title":{"rendered":"Vigilia de Oraci\u00f3n \u00abENLAZATE POR LA JUSTICIA\u00bb"},"content":{"rendered":"<p style=\"text-align: justify;\">El pr\u00f3ximo dia 5 de Mayo, lunes, te invitamos a participar en la Vigilia de Oraci\u00f3n organizada por 11 ongs de Almer\u00eda, que tendr\u00e1 lugar en el Convento de las Claras a las 20,00 horas.<a href=\"http:\/\/www.asociacionecas.es\/wp-content\/uploads\/2014\/05\/EnlazatexlaJustiicia-VigiliadeOracion5Mayo2014-Cartel-01.jpg\"><img decoding=\"async\" loading=\"lazy\" class=\"alignleft size-full wp-image-1692\" src=\"http:\/\/www.asociacionecas.es\/wp-content\/uploads\/2014\/05\/EnlazatexlaJustiicia-VigiliadeOracion5Mayo2014-Cartel-01.jpg\" alt=\"EnlazatexlaJustiicia-VigiliadeOracion5Mayo2014-Cartel-01\" width=\"842\" height=\"596\" srcset=\"http:\/\/www.asociacionecas.es\/wp-content\/uploads\/2014\/05\/EnlazatexlaJustiicia-VigiliadeOracion5Mayo2014-Cartel-01.jpg 842w, http:\/\/www.asociacionecas.es\/wp-content\/uploads\/2014\/05\/EnlazatexlaJustiicia-VigiliadeOracion5Mayo2014-Cartel-01-300x212.jpg 300w\" sizes=\"(max-width: 842px) 100vw, 842px\" \/><\/a> Sum\u00e1ndote a esta experiencia manifestar\u00e1s as\u00ed nuestro deseo de aunar exfuerzos para construir una sociedad m\u00e1s justa y solidaria apostando por los m\u00e1s pobres y desfavorecidos de nuestro mundo. Muchas gracias por tu participaci\u00f3n, te esperamos.<\/p>\n","protected":false},"excerpt":{"rendered":"<p>El pr\u00f3ximo dia 5 de Mayo, lunes, te invitamos a participar en la Vigilia de Oraci\u00f3n organizada por 11 ongs de Almer\u00eda, que tendr\u00e1 lugar en el Convento de las Claras a las 20,00 horas. Sum\u00e1ndote a esta experiencia manifestar\u00e1s &hellip; <a href=\"http:\/\/www.asociacionecas.es\/?p=1691\">Sigue leyendo <span class=\"meta-nav\">&rarr;<\/span><\/a><\/p>\n","protected":false},"author":1,"featured_media":0,"comment_status":"open","ping_status":"open","sticky":false,"template":"","format":"standard","meta":[],"categories":[1],"tags":[],"_links":{"self":[{"href":"http:\/\/www.asociacionecas.es\/index.php?rest_route=\/wp\/v2\/posts\/1691"}],"collection":[{"href":"http:\/\/www.asociacionecas.es\/index.php?rest_route=\/wp\/v2\/posts"}],"about":[{"href":"http:\/\/www.asociacionecas.es\/index.php?rest_route=\/wp\/v2\/types\/post"}],"author":[{"embeddable":true,"href":"http:\/\/www.asociacionecas.es\/index.php?rest_route=\/wp\/v2\/users\/1"}],"replies":[{"embeddable":true,"href":"http:\/\/www.asociacionecas.es\/index.php?rest_route=%2Fwp%2Fv2%2Fcomments&post=1691"}],"version-history":[{"count":1,"href":"http:\/\/www.asociacionecas.es\/index.php?rest_route=\/wp\/v2\/posts\/1691\/revisions"}],"predecessor-version":[{"id":1693,"href":"http:\/\/www.asociacionecas.es\/index.php?rest_route=\/wp\/v2\/posts\/1691\/revisions\/1693"}],"wp:attachment":[{"href":"http:\/\/www.asociacionecas.es\/index.php?rest_route=%2Fwp%2Fv2%2Fmedia&parent=1691"}],"wp:term":[{"taxonomy":"category","embeddable":true,"href":"http:\/\/www.asociacionecas.es\/index.php?rest_route=%2Fwp%2Fv2%2Fcategories&post=1691"},{"taxonomy":"post_tag","embeddable":true,"href":"http:\/\/www.asociacionecas.es\/index.php?rest_route=%2Fwp%2Fv2%2Ftags&post=1691"}],"curies":[{"name":"wp","href":"https:\/\/api.w.org\/{rel}","templated":true}]}}