{"id":1688,"date":"2014-04-26T11:26:46","date_gmt":"2014-04-26T09:26:46","guid":{"rendered":"http:\/\/www.asociacionecas.es\/?p=1688"},"modified":"2014-04-26T11:26:46","modified_gmt":"2014-04-26T09:26:46","slug":"noticias-de-la-iglesia-v","status":"publish","type":"post","link":"http:\/\/www.asociacionecas.es\/?p=1688","title":{"rendered":"Noticias de la Iglesia (V)"},"content":{"rendered":"<p style=\"text-align: justify;\">Amigos y hermanos en la Fe, permitirme que comience con un \u00abFeliz Pascua de Resurecci\u00f3n\u00bb para todos vosotros.<\/p>\n<div id=\"attachment_1689\" style=\"width: 310px\" class=\"wp-caption alignleft\"><a href=\"http:\/\/www.asociacionecas.es\/wp-content\/uploads\/2014\/04\/IMG_20140418_020047.jpg\"><img aria-describedby=\"caption-attachment-1689\" decoding=\"async\" loading=\"lazy\" class=\"wp-image-1689 size-medium\" src=\"http:\/\/www.asociacionecas.es\/wp-content\/uploads\/2014\/04\/IMG_20140418_020047-300x225.jpg\" alt=\"\" width=\"300\" height=\"225\" srcset=\"http:\/\/www.asociacionecas.es\/wp-content\/uploads\/2014\/04\/IMG_20140418_020047-300x225.jpg 300w, http:\/\/www.asociacionecas.es\/wp-content\/uploads\/2014\/04\/IMG_20140418_020047-1024x768.jpg 1024w, http:\/\/www.asociacionecas.es\/wp-content\/uploads\/2014\/04\/IMG_20140418_020047.jpg 1600w\" sizes=\"(max-width: 300px) 100vw, 300px\" \/><\/a><p id=\"caption-attachment-1689\" class=\"wp-caption-text\">Monumento Jueves Santo en casa de D. Jes\u00fas<\/p><\/div>\n<p style=\"text-align: justify;\">No cabe duda que durante este mes de abril hay dos noticias muy destacables y que centran toda nuestra atenci\u00f3n: De una parte analizar y resaltar la Semana Santa, y de otra la llegada a los altares de dos grandes Papas (Juan XXIII y Juan Pablo II).<\/p>\n<p style=\"text-align: justify;\">Han sido tantas las manifestaciones de Fe durante esta pasada Semana Santa (fant\u00e1sticas procesiones, multitudinarias Eucarist\u00edas, Solemnes Oficios, Vigilias Pascuales&#8230;etc..), que todas juntas ponen de manifiesto la presencia de la Iglesia y de los Cristianos en torno a la Pasi\u00f3n y Muerte de Jesucristo.<\/p>\n<p style=\"text-align: justify;\">Durante esta Semana, el mundo cofrade ha salido a procesionar sus im\u00e1genes, y la fe y devoci\u00f3n han brillado tanto como el buen tiempo que las ha acompa\u00f1ado. J\u00f3venes, adultos, ni\u00f1os, ancianos, &#8230;. todos han querido manifestar su cari\u00f1o y fervor hacia esas im\u00e1genes que representan a Jesus y Mar\u00eda en los distintos momentos de la Pasi\u00f3n.<\/p>\n<p style=\"text-align: justify;\">No menos importantes han sido las multitudinarias Eucaristias, principalmente las vividas por el Papa Francisco, congregando a miles de fieles, y donde una vez m\u00e1s el Papa ha querido simbolizar con cada gesto el verdadero camino del Cristiano. Desde una improvisada homilia, el Papa nos invita a reflexionar con que tipo de Apostol me identifico interiormente, a cual me parezco como Cristiano. As\u00ed mismo una vez m\u00e1s a trav\u00e9s del Lavatorio de Pies, nos ha ense\u00f1ado el verdadero camino del Siervo. Cabe resaltar la figura trascendental de los j\u00f3venes en la Iglesia, ya que ellos han sido el objeto del Lavatorio de este a\u00f1o por el Papa. J\u00f3venes de diversas razas, clases sociales, marginados, disminuidos f\u00edsicos, etc. &#8230;. Todos tienen un papel evangelizador, todos son v\u00e1lidos para dar y recibir el amor del Padre y ellos son el presente y el futuro de la Iglesia.<\/p>\n<p style=\"text-align: justify;\">En esta Semana Santa se ha notado el cambio que el propio Papa Francisco ha impregnado en la forma de evangelizar. La fe se ha hecho peregrina, y cualquier rinc\u00f3n del mundo es el marco ideal para realizar labor apost\u00f3lica. Todo suma cuando se trata de evangelizar y mostrar que la Iglesia Cristiana est\u00e1 muy viva.<\/p>\n<p style=\"text-align: justify;\">Para finalizar con la Semana Santa, reiterar mi felicitaci\u00f3n inicial, y dar Gracias al Padre, por que una vez m\u00e1s Jesucristo se ha quedado con nosotros en la Eucarist\u00eda, y para que podamos seguir am\u00e1ndolo y bendici\u00e9ndolo.<\/p>\n<p style=\"text-align: justify;\">Como ya indiqu\u00e9, la otra gran noticia de este mes de abril, sin duda es la llegada a los Altares de dos Santos, dos Papas que a lo largo de su trayectoria han evangelizado y nos han mostrado el camino de la Fe. Cada uno a lo largo de su Papado, han sembrado amor, han extendido la fe a muchos rincones del mundo, y han postulado por la paz mundial, pero sobre todo han sido Papas del Pueblo.<\/p>\n<p style=\"text-align: justify;\">Ambos han coincidido en El Carisma a la hora de acercarse a los fieles, a los hermanos, sin distinci\u00f3n de raza ni condici\u00f3n social.<\/p>\n<p style=\"text-align: justify;\">Mientras que Juan XXIII ha sido recordado como el Papa de la Paz, Juan Pablo II ser\u00e1 recordado como el Papa viajero, el Papa de la Juvntud y su lema \u00abTotus Tuus\u00bb.<\/p>\n<p style=\"text-align: justify;\">La Iglesia se enorgullece de recibir entre sus grandes Santos a estos dos hermanos de la Fe, s\u00edmbolos del amor Fraterno y Universal.<\/p>\n<p style=\"text-align: justify;\">Gracias a todos vosotros por estar ah\u00ed, y muchas Felicidades por ser Cristianos.<\/p>\n<p style=\"text-align: right;\"><strong><em>Pedro Gonzalez Reche<\/em><\/strong><\/p>\n","protected":false},"excerpt":{"rendered":"<p>Amigos y hermanos en la Fe, permitirme que comience con un \u00abFeliz Pascua de Resurecci\u00f3n\u00bb para todos vosotros. No cabe duda que durante este mes de abril hay dos noticias muy destacables y que centran toda nuestra atenci\u00f3n: De una &hellip; <a href=\"http:\/\/www.asociacionecas.es\/?p=1688\">Sigue leyendo <span class=\"meta-nav\">&rarr;<\/span><\/a><\/p>\n","protected":false},"author":1,"featured_media":0,"comment_status":"open","ping_status":"open","sticky":false,"template":"","format":"standard","meta":[],"categories":[1],"tags":[],"_links":{"self":[{"href":"http:\/\/www.asociacionecas.es\/index.php?rest_route=\/wp\/v2\/posts\/1688"}],"collection":[{"href":"http:\/\/www.asociacionecas.es\/index.php?rest_route=\/wp\/v2\/posts"}],"about":[{"href":"http:\/\/www.asociacionecas.es\/index.php?rest_route=\/wp\/v2\/types\/post"}],"author":[{"embeddable":true,"href":"http:\/\/www.asociacionecas.es\/index.php?rest_route=\/wp\/v2\/users\/1"}],"replies":[{"embeddable":true,"href":"http:\/\/www.asociacionecas.es\/index.php?rest_route=%2Fwp%2Fv2%2Fcomments&post=1688"}],"version-history":[{"count":1,"href":"http:\/\/www.asociacionecas.es\/index.php?rest_route=\/wp\/v2\/posts\/1688\/revisions"}],"predecessor-version":[{"id":1690,"href":"http:\/\/www.asociacionecas.es\/index.php?rest_route=\/wp\/v2\/posts\/1688\/revisions\/1690"}],"wp:attachment":[{"href":"http:\/\/www.asociacionecas.es\/index.php?rest_route=%2Fwp%2Fv2%2Fmedia&parent=1688"}],"wp:term":[{"taxonomy":"category","embeddable":true,"href":"http:\/\/www.asociacionecas.es\/index.php?rest_route=%2Fwp%2Fv2%2Fcategories&post=1688"},{"taxonomy":"post_tag","embeddable":true,"href":"http:\/\/www.asociacionecas.es\/index.php?rest_route=%2Fwp%2Fv2%2Ftags&post=1688"}],"curies":[{"name":"wp","href":"https:\/\/api.w.org\/{rel}","templated":true}]}}