{"id":1614,"date":"2014-03-04T17:15:10","date_gmt":"2014-03-04T16:15:10","guid":{"rendered":"http:\/\/www.asociacionecas.es\/?p=1614"},"modified":"2014-03-04T22:24:54","modified_gmt":"2014-03-04T21:24:54","slug":"oracion-general-marzo","status":"publish","type":"post","link":"http:\/\/www.asociacionecas.es\/?p=1614","title":{"rendered":"Oracion General Marzo"},"content":{"rendered":"<p>Este mi\u00e9rcoles, d\u00eda 5 de Marzo a las 9:30 de la noche, tenemos nuestra querida oraci\u00f3n mensual.<img decoding=\"async\" loading=\"lazy\" class=\"alignleft  wp-image-1615\" alt=\"taize1\" src=\"http:\/\/www.asociacionecas.es\/wp-content\/uploads\/2014\/03\/taize1.jpg\" width=\"280\" height=\"284\" srcset=\"http:\/\/www.asociacionecas.es\/wp-content\/uploads\/2014\/03\/taize1.jpg 400w, http:\/\/www.asociacionecas.es\/wp-content\/uploads\/2014\/03\/taize1-295x300.jpg 295w\" sizes=\"(max-width: 280px) 100vw, 280px\" \/> En esta ocasion la ha preparado D. Manuel, sacerdote de la parroquia de Campohermoso Nijar , y seguramente la har\u00e1n al estilo de Taiz\u00e9. OS esperamos a todos pues promete ser muy bonita y reconfortante.<\/p>\n","protected":false},"excerpt":{"rendered":"<p>Este mi\u00e9rcoles, d\u00eda 5 de Marzo a las 9:30 de la noche, tenemos nuestra querida oraci\u00f3n mensual. En esta ocasion la ha preparado D. Manuel, sacerdote de la parroquia de Campohermoso Nijar , y seguramente la har\u00e1n al estilo de &hellip; <a href=\"http:\/\/www.asociacionecas.es\/?p=1614\">Sigue leyendo <span class=\"meta-nav\">&rarr;<\/span><\/a><\/p>\n","protected":false},"author":1,"featured_media":0,"comment_status":"open","ping_status":"open","sticky":false,"template":"","format":"standard","meta":[],"categories":[1],"tags":[],"_links":{"self":[{"href":"http:\/\/www.asociacionecas.es\/index.php?rest_route=\/wp\/v2\/posts\/1614"}],"collection":[{"href":"http:\/\/www.asociacionecas.es\/index.php?rest_route=\/wp\/v2\/posts"}],"about":[{"href":"http:\/\/www.asociacionecas.es\/index.php?rest_route=\/wp\/v2\/types\/post"}],"author":[{"embeddable":true,"href":"http:\/\/www.asociacionecas.es\/index.php?rest_route=\/wp\/v2\/users\/1"}],"replies":[{"embeddable":true,"href":"http:\/\/www.asociacionecas.es\/index.php?rest_route=%2Fwp%2Fv2%2Fcomments&post=1614"}],"version-history":[{"count":3,"href":"http:\/\/www.asociacionecas.es\/index.php?rest_route=\/wp\/v2\/posts\/1614\/revisions"}],"predecessor-version":[{"id":1619,"href":"http:\/\/www.asociacionecas.es\/index.php?rest_route=\/wp\/v2\/posts\/1614\/revisions\/1619"}],"wp:attachment":[{"href":"http:\/\/www.asociacionecas.es\/index.php?rest_route=%2Fwp%2Fv2%2Fmedia&parent=1614"}],"wp:term":[{"taxonomy":"category","embeddable":true,"href":"http:\/\/www.asociacionecas.es\/index.php?rest_route=%2Fwp%2Fv2%2Fcategories&post=1614"},{"taxonomy":"post_tag","embeddable":true,"href":"http:\/\/www.asociacionecas.es\/index.php?rest_route=%2Fwp%2Fv2%2Ftags&post=1614"}],"curies":[{"name":"wp","href":"https:\/\/api.w.org\/{rel}","templated":true}]}}