{"id":1609,"date":"2014-02-19T22:54:45","date_gmt":"2014-02-19T21:54:45","guid":{"rendered":"http:\/\/www.asociacionecas.es\/?p=1609"},"modified":"2014-02-19T22:54:45","modified_gmt":"2014-02-19T21:54:45","slug":"noticias-de-la-iglesia-iv","status":"publish","type":"post","link":"http:\/\/www.asociacionecas.es\/?p=1609","title":{"rendered":"Noticias de la Iglesia (IV)"},"content":{"rendered":"<p>Hola amigos y compa\u00f1eros en la Fe. Pasadas las fiestas navide\u00f1as,\u00a0y adentrandonos en este\u00a02014, la Iglesias Cat\u00f3lica continua celebrando eventos significativos que hay que resaltar y destacar por\u00a0su importancia.<\/p>\n<p>El primero de ellos se refiere a la \u00abJornada Mundial de las Comunicaciones Sociales\u00bb,\u00a0con un claro y alentador\u00a0mensaje del Papa Francisco\u00a0: \u00a0\u00abSalid, con amor y ternura, a las calles digitales\u00bb.\u00a0Los medios ofrecen infinidad de oportunidades para el encuentro entre personas y pueblos en torno a la figura de Cristo, y se nos alienta a aprovecharlas. Destacaremos varias frases significativas que\u00a0por s\u00ed\u00a0solas resaltan la enorme influencia de los medios digitales para con la iglesia: &#8211; \u00abEl Efecto Francisco\u00a0revaloriza el inter\u00e9s medi\u00e1tico por la Iglesia y todo lo que tiene que ver con ella\u00bb.\u00a0 \u00abEl Papa llega a la gente\u00bb. \u00a0\u00abEl Papa Francisco Hombre del A\u00f1o 2013\u00bb, etc. Todas ellas nos dan una medida del eco medi\u00e1tico que la figura del Pont\u00edfice ha tenido a nivel mundial, y su trancendencia para con el mensaje de Fe.<\/p>\n<p>Quiero hacerme eco de una frase del Responsable de los Laicos Consagrados, muy significativa y digna de refl\u00e9xi\u00f3n: \u00abGracias Se\u00f1or, por lo que me das y por lo que me quitas\u00bb.<\/p>\n<p>Del mismo modo quiero resaltar una frase del propio Papa Francisco, que igualmente debemos reflexionar: \u00abDios no nos ha llamada para quedarnos en el sof\u00e1\u00bb<\/p>\n<p>Continuando con los eventos de la Iglesia, se\u00f1alar que 2015 ha sido designado por el Papa Francisco como \u00abA\u00f1o de los consagrados a Dios\u00bb, en pobreza, castidad y obediencia.<\/p>\n<p>As\u00ed mismo el 11 de febrero, la Iglesia celebr\u00f3 la Jornada Mundial del enfermo, bajo el lema \u00abFe y Caridad\u00bb,\u00a0 y hay una frase muy significativa que ser\u00eda digna de reflexi\u00f3n: \u00abLa Cruz nos ense\u00f1a a mirar al otro con misericordia, sobre todo a quien sufre\u00bb. Y un mensaje del Papa \u00abLlevamos la sonrisa de Dios\u00bb.<\/p>\n<p>Tambi\u00e9n, el pasado d\u00eda 11 de febrero se\u00a0ha celebrado la Fiesta de Nuestra Se\u00f1ora de Lourdes. En un art\u00edculo al respecto que es\u00a0muy significativo, se resaltan que ya son m\u00e1s de 7.000 las curaciones inexplicables, y 70 los milagros reconocidos oficialmente.<\/p>\n<p>Con\u00a0 motivo de la festividad del d\u00eda de los enamorados (14 de febrero), la revista recoge una serie de iniciativas significativas, y a resaltar:<\/p>\n<p>Celebraci\u00f3n del Papa en el d\u00eda de San Valent\u00edn de un encuentro bajo el lema \u00abLa alegr\u00eda del SI, para siempre\u00bb con 20.000 parejas de novios.<\/p>\n<p>El Papa lanza una \u00abreflexi\u00f3n mundial sobre la familia\u00bb, preparatoria del s\u00ednodo a celebrar en el pr\u00f3ximo mes de octubre.<\/p>\n<p>Finalmente, para terminar esta 4\u00aa entrega de noticias sobre la iglesia cristiana, quiero resaltar principalmente para aquellos que esteis interesados en conocer las singularidades de la vida de nuestro Papa Francisco, dos publicaciones recientes sobre su figura. La primera titulada \u00abEl Papa Francisco y las familias\u00bb recoge lo expresado por el Pont\u00edfice sobre la familia a lo largo de su vida cristiana.\u00a0 Y de otra parte una segunda publicaci\u00f3n titulada \u00abLa Iglesia del Papa Francisco. Los desaf\u00edos de la Evangelii gaudium\u00bb, \u00a0donde se profundiza en la denominada revoluci\u00f3n reformadora del Papa Francisco.<\/p>\n<p><img decoding=\"async\" loading=\"lazy\" class=\"alignleft size-full wp-image-1610\" alt=\"images-1\" src=\"http:\/\/www.asociacionecas.es\/wp-content\/uploads\/2014\/02\/images-1.jpeg\" width=\"366\" height=\"138\" srcset=\"http:\/\/www.asociacionecas.es\/wp-content\/uploads\/2014\/02\/images-1.jpeg 366w, http:\/\/www.asociacionecas.es\/wp-content\/uploads\/2014\/02\/images-1-300x113.jpeg 300w\" sizes=\"(max-width: 366px) 100vw, 366px\" \/>Saludos a todos y hasta la pr\u00f3xima.<\/p>\n<p>&nbsp;<\/p>\n<p>Pedro Gonz\u00e1lez<\/p>\n<p>&nbsp;<\/p>\n","protected":false},"excerpt":{"rendered":"<p>Hola amigos y compa\u00f1eros en la Fe. Pasadas las fiestas navide\u00f1as,\u00a0y adentrandonos en este\u00a02014, la Iglesias Cat\u00f3lica continua celebrando eventos significativos que hay que resaltar y destacar por\u00a0su importancia. El primero de ellos se refiere a la \u00abJornada Mundial de &hellip; <a href=\"http:\/\/www.asociacionecas.es\/?p=1609\">Sigue leyendo <span class=\"meta-nav\">&rarr;<\/span><\/a><\/p>\n","protected":false},"author":1,"featured_media":0,"comment_status":"open","ping_status":"open","sticky":false,"template":"","format":"standard","meta":[],"categories":[1],"tags":[],"_links":{"self":[{"href":"http:\/\/www.asociacionecas.es\/index.php?rest_route=\/wp\/v2\/posts\/1609"}],"collection":[{"href":"http:\/\/www.asociacionecas.es\/index.php?rest_route=\/wp\/v2\/posts"}],"about":[{"href":"http:\/\/www.asociacionecas.es\/index.php?rest_route=\/wp\/v2\/types\/post"}],"author":[{"embeddable":true,"href":"http:\/\/www.asociacionecas.es\/index.php?rest_route=\/wp\/v2\/users\/1"}],"replies":[{"embeddable":true,"href":"http:\/\/www.asociacionecas.es\/index.php?rest_route=%2Fwp%2Fv2%2Fcomments&post=1609"}],"version-history":[{"count":1,"href":"http:\/\/www.asociacionecas.es\/index.php?rest_route=\/wp\/v2\/posts\/1609\/revisions"}],"predecessor-version":[{"id":1611,"href":"http:\/\/www.asociacionecas.es\/index.php?rest_route=\/wp\/v2\/posts\/1609\/revisions\/1611"}],"wp:attachment":[{"href":"http:\/\/www.asociacionecas.es\/index.php?rest_route=%2Fwp%2Fv2%2Fmedia&parent=1609"}],"wp:term":[{"taxonomy":"category","embeddable":true,"href":"http:\/\/www.asociacionecas.es\/index.php?rest_route=%2Fwp%2Fv2%2Fcategories&post=1609"},{"taxonomy":"post_tag","embeddable":true,"href":"http:\/\/www.asociacionecas.es\/index.php?rest_route=%2Fwp%2Fv2%2Ftags&post=1609"}],"curies":[{"name":"wp","href":"https:\/\/api.w.org\/{rel}","templated":true}]}}