{"id":1605,"date":"2014-02-15T16:35:41","date_gmt":"2014-02-15T15:35:41","guid":{"rendered":"http:\/\/www.asociacionecas.es\/?p=1605"},"modified":"2014-02-15T16:35:41","modified_gmt":"2014-02-15T15:35:41","slug":"convivencia-concentracion-de-ecas-en-aguadulce","status":"publish","type":"post","link":"http:\/\/www.asociacionecas.es\/?p=1605","title":{"rendered":"Convivencia-Concentracion de ECAS en Aguadulce"},"content":{"rendered":"<p>Como cada a\u00f1o, ma\u00f1ana Domingo 16 de Febrero, tenemos en Aguadulce nuestra querida Concentraci\u00f3n de todos los antiguos y nuevos miembros de este Movimiento para <img decoding=\"async\" loading=\"lazy\" class=\"alignleft size-full wp-image-1402\" alt=\"Encuentro ECAs Aguadulce 2013\" src=\"http:\/\/www.asociacionecas.es\/wp-content\/uploads\/2013\/02\/Encuentro-ECAs-Aguadulce-2013.jpg\" width=\"960\" height=\"577\" srcset=\"http:\/\/www.asociacionecas.es\/wp-content\/uploads\/2013\/02\/Encuentro-ECAs-Aguadulce-2013.jpg 960w, http:\/\/www.asociacionecas.es\/wp-content\/uploads\/2013\/02\/Encuentro-ECAs-Aguadulce-2013-300x180.jpg 300w\" sizes=\"(max-width: 960px) 100vw, 960px\" \/>compartir experiencias, novedades, actividades y sorpresas en las que todos hemos participado. Esta es una buena ocasi\u00f3n para compartir momentos inolvidables con amigos a los vemos con frecuencia como los que no vemos hace tiempo. este a\u00f1o tendremos un autocar a nuestra disposicion que saldr\u00e1 de 9:30 a 10:00 de la ma\u00f1ana en la rambla a la altura de La Salle, completamente gratuito para todos los asistentes. OS esperamos.<\/p>\n","protected":false},"excerpt":{"rendered":"<p>Como cada a\u00f1o, ma\u00f1ana Domingo 16 de Febrero, tenemos en Aguadulce nuestra querida Concentraci\u00f3n de todos los antiguos y nuevos miembros de este Movimiento para compartir experiencias, novedades, actividades y sorpresas en las que todos hemos participado. Esta es una &hellip; <a href=\"http:\/\/www.asociacionecas.es\/?p=1605\">Sigue leyendo <span class=\"meta-nav\">&rarr;<\/span><\/a><\/p>\n","protected":false},"author":1,"featured_media":0,"comment_status":"open","ping_status":"open","sticky":false,"template":"","format":"standard","meta":[],"categories":[1],"tags":[],"_links":{"self":[{"href":"http:\/\/www.asociacionecas.es\/index.php?rest_route=\/wp\/v2\/posts\/1605"}],"collection":[{"href":"http:\/\/www.asociacionecas.es\/index.php?rest_route=\/wp\/v2\/posts"}],"about":[{"href":"http:\/\/www.asociacionecas.es\/index.php?rest_route=\/wp\/v2\/types\/post"}],"author":[{"embeddable":true,"href":"http:\/\/www.asociacionecas.es\/index.php?rest_route=\/wp\/v2\/users\/1"}],"replies":[{"embeddable":true,"href":"http:\/\/www.asociacionecas.es\/index.php?rest_route=%2Fwp%2Fv2%2Fcomments&post=1605"}],"version-history":[{"count":3,"href":"http:\/\/www.asociacionecas.es\/index.php?rest_route=\/wp\/v2\/posts\/1605\/revisions"}],"predecessor-version":[{"id":1612,"href":"http:\/\/www.asociacionecas.es\/index.php?rest_route=\/wp\/v2\/posts\/1605\/revisions\/1612"}],"wp:attachment":[{"href":"http:\/\/www.asociacionecas.es\/index.php?rest_route=%2Fwp%2Fv2%2Fmedia&parent=1605"}],"wp:term":[{"taxonomy":"category","embeddable":true,"href":"http:\/\/www.asociacionecas.es\/index.php?rest_route=%2Fwp%2Fv2%2Fcategories&post=1605"},{"taxonomy":"post_tag","embeddable":true,"href":"http:\/\/www.asociacionecas.es\/index.php?rest_route=%2Fwp%2Fv2%2Ftags&post=1605"}],"curies":[{"name":"wp","href":"https:\/\/api.w.org\/{rel}","templated":true}]}}