{"id":1581,"date":"2014-01-21T23:55:57","date_gmt":"2014-01-21T22:55:57","guid":{"rendered":"http:\/\/www.asociacionecas.es\/?p=1581"},"modified":"2014-01-21T23:55:57","modified_gmt":"2014-01-21T22:55:57","slug":"noticias-de-la-iglesia-iii","status":"publish","type":"post","link":"http:\/\/www.asociacionecas.es\/?p=1581","title":{"rendered":"Noticias de la Iglesia III"},"content":{"rendered":"<p>En primer lugar desearos un feliz a\u00f1o en el Se\u00f1or.Retomamos con nuevas energ\u00edas la tarea de\u00a0comunicar noticias destacables sobre la iglesia y el mundo cristiano.<\/p>\n<p>&#8211; En primer lugar,\u00a0destacarmos que\u00a0el a\u00f1o 2013 termina con la Clausura del A\u00f1o de la Fe en las Di\u00f3cesis de Espa\u00f1a, bajo el lema \u00abDadles a Jesuscristo, no les defraud\u00e9is\u00bb, donde se hace un balance en frutos del a\u00f1o vivido bajo el lema de la Fe.<img decoding=\"async\" loading=\"lazy\" class=\"alignleft size-full wp-image-1582\" alt=\"images\" src=\"http:\/\/www.asociacionecas.es\/wp-content\/uploads\/2014\/01\/images.jpeg\" width=\"282\" height=\"179\" \/><\/p>\n<p>&#8211; Quisiera resaltar sendas entrevista realizadas a D. Fernando Sebasti\u00e1n. La primera a finales de diciembre (como Monse\u00f1or), donde conclu\u00eda\u00a0 que \u00abEl Papa nos est\u00e1 pidiendo dejar nuestros refugios\u00bb,\u00a0salir a la calle a encontrarnos con nuestros hermanos y darles la noticia de que Dios les ama, que \u00e9l es la alegr\u00eda verdadera. D. Jesus Peregr\u00edn en\u00a0una de las \u00a0homilias lo enunci\u00f3 como \u00abHacernos Callejeros\u00bb.<\/p>\n<p>&#8211; En la segunda entrevista, ya como Cardenal,\u00a0realizada en fechas recientes, resalta que \u00abLos cat\u00f3licos espa\u00f1oles tenemos que despertar\u00bb, ya que\u00a0la Iglesia espa\u00f1ola es la mas vapuleada\u00a0de toda Europa.<\/p>\n<p>Como no pod\u00eda ser de otra forma, la gran noticias, &#8211; La Navidad, como epicenfro de noticias-,\u00a0nos hace destacar varias que ser\u00edan ejes sobre los que giran las dem\u00e1s que en el seno de la iglesia se han generado en estas fechastan entra\u00f1ables para los Cristianos.<\/p>\n<p>&#8211;\u00a0Fundamental en la\u00a0celebraci\u00f3n de la Natividad del Se\u00f1or es la\u00a0Celebraci\u00f3n del Encuentro Anual de Familias Cristianas, que bajo el lema \u00abNuestra Familia, Nuestro Futuro\u00bb, reune en torno a la Iglesia Cat\u00f3lica a miles de familias que quieren demostrar que son el Pilar Principal sobre el que se sustenta la Fe Cristiana y por ende la Iglesia Cat\u00f3lica.<\/p>\n<p>&#8211; La Culminaci\u00f3n del tiempo lit\u00fargico, se realiz\u00f3 con la celebraci\u00f3n de la Fiesta del Bautismo del Se\u00f1or, como gran fiesta que inaugura el a\u00f1o cristiano. El Bautismo de Jesus y Nuestro, como s\u00edmbolos de inicio del camino de Fe.<\/p>\n<p>&#8211;\u00a0Por \u00faltimo destacar que el pasado Domingo 19 de enero la Iglesia Cat\u00f3lilca\u00a0ha celebrado la Jornada Mundial del Emigrante y del Refugiado, donde se ha querido destacar por encima de todo, que\u00a0 \u00bb El Hambre no conoce Fronteras\u00bb.<\/p>\n<p>&nbsp;<\/p>\n<p>Que este a\u00f1o nuevo 2014, recien nacido, nos ayude a todos a encontrar nuestro camino. Hasta la pr\u00f3xima.<\/p>\n<p>Pedro Gonzalez<\/p>\n","protected":false},"excerpt":{"rendered":"<p>En primer lugar desearos un feliz a\u00f1o en el Se\u00f1or.Retomamos con nuevas energ\u00edas la tarea de\u00a0comunicar noticias destacables sobre la iglesia y el mundo cristiano. &#8211; En primer lugar,\u00a0destacarmos que\u00a0el a\u00f1o 2013 termina con la Clausura del A\u00f1o de la &hellip; <a href=\"http:\/\/www.asociacionecas.es\/?p=1581\">Sigue leyendo <span class=\"meta-nav\">&rarr;<\/span><\/a><\/p>\n","protected":false},"author":1,"featured_media":0,"comment_status":"open","ping_status":"open","sticky":false,"template":"","format":"standard","meta":[],"categories":[1],"tags":[],"_links":{"self":[{"href":"http:\/\/www.asociacionecas.es\/index.php?rest_route=\/wp\/v2\/posts\/1581"}],"collection":[{"href":"http:\/\/www.asociacionecas.es\/index.php?rest_route=\/wp\/v2\/posts"}],"about":[{"href":"http:\/\/www.asociacionecas.es\/index.php?rest_route=\/wp\/v2\/types\/post"}],"author":[{"embeddable":true,"href":"http:\/\/www.asociacionecas.es\/index.php?rest_route=\/wp\/v2\/users\/1"}],"replies":[{"embeddable":true,"href":"http:\/\/www.asociacionecas.es\/index.php?rest_route=%2Fwp%2Fv2%2Fcomments&post=1581"}],"version-history":[{"count":4,"href":"http:\/\/www.asociacionecas.es\/index.php?rest_route=\/wp\/v2\/posts\/1581\/revisions"}],"predecessor-version":[{"id":1586,"href":"http:\/\/www.asociacionecas.es\/index.php?rest_route=\/wp\/v2\/posts\/1581\/revisions\/1586"}],"wp:attachment":[{"href":"http:\/\/www.asociacionecas.es\/index.php?rest_route=%2Fwp%2Fv2%2Fmedia&parent=1581"}],"wp:term":[{"taxonomy":"category","embeddable":true,"href":"http:\/\/www.asociacionecas.es\/index.php?rest_route=%2Fwp%2Fv2%2Fcategories&post=1581"},{"taxonomy":"post_tag","embeddable":true,"href":"http:\/\/www.asociacionecas.es\/index.php?rest_route=%2Fwp%2Fv2%2Ftags&post=1581"}],"curies":[{"name":"wp","href":"https:\/\/api.w.org\/{rel}","templated":true}]}}