{"id":1575,"date":"2014-01-08T23:38:00","date_gmt":"2014-01-08T22:38:00","guid":{"rendered":"http:\/\/www.asociacionecas.es\/?p=1575"},"modified":"2014-01-08T23:38:00","modified_gmt":"2014-01-08T22:38:00","slug":"reunion-equipo-de-liturgia-jueves-dia-16-de-enero","status":"publish","type":"post","link":"http:\/\/www.asociacionecas.es\/?p=1575","title":{"rendered":"REUNION EQUIPO DE LITURGIA  Jueves d\u00eda 16 de Enero"},"content":{"rendered":"<p style=\"text-align: justify;\"><span style=\"font-family: Arial; font-size: large;\">Comenzamos un nuevo a\u00f1o, cargado de nuevas ilusiones y proyectos. <\/span><\/p>\n<p style=\"text-align: justify;\"><span style=\"font-family: Arial; font-size: large;\">Amar la misa, conocer y vivir la Eucarist\u00eda, fue el reto que nos marc\u00e1bamos el a\u00f1o pasado, en el que hemos ido avanzando semana tras semana con la colaboraci\u00f3n de todos.<img decoding=\"async\" loading=\"lazy\" class=\"alignleft size-full wp-image-1577\" style=\"width: 250px;\" alt=\"Scan0002\" src=\"http:\/\/www.asociacionecas.es\/wp-content\/uploads\/2014\/01\/Scan0002.jpg\" width=\"682\" height=\"824\" \/><\/span><\/p>\n<p style=\"text-align: justify;\"><span style=\"font-family: Arial; font-size: large;\">Creo que ha valido la pena y en palabras de nuestro amado D. Jes\u00fas, <span style=\"font-family: Arial;\"><b><i><span style=\"color: #993300;\">\u201cNo tengo palabras para dar gracias por este nuevo equipo de liturgia\u201d.<\/span><\/i><\/b><\/span>\u00a0Yo tampoco.<\/span><\/p>\n<p style=\"text-align: justify;\"><span style=\"font-family: Arial; font-size: large;\">Queremos seguir avanzando en lo empezado y os proponemos, revisar el nuevo trimestre <i><span style=\"text-decoration: underline;\"><span style=\"color: red; font-family: Arial;\">el d\u00eda 16 (jueves) a las 19:30<\/span><\/span><\/i> en los salones de los pisos.<\/span><\/p>\n<p style=\"text-align: justify;\"><span style=\"font-family: Arial; font-size: large;\">Ser\u00e1 un buen momento para revisar, coordinar y programar nuestras actuaciones.<\/span><\/p>\n<p style=\"text-align: justify;\"><span style=\"font-family: Arial; font-size: large;\">La Misa es lo m\u00e1s santo que tenemos en la tierra. El Jes\u00fas que est\u00e1 presente en la Eucarist\u00eda es el mismo Jes\u00fas que hemos celebrado esta Navidad en nuestro Bel\u00e9n.<\/span><\/p>\n<p style=\"text-align: justify;\"><span style=\"font-family: Arial; font-size: large;\">Seamos pues santos y aspiremos a lo m\u00e1s alto. Unirnos a Jes\u00fas y expresar desde lo m\u00e1s profundo de nuestro ser \u00a1Qu\u00e9 alegr\u00eda tenerte tan cerca!<\/span><\/p>\n<p style=\"text-align: justify;\"><span style=\"font-family: Arial; font-size: large;\">Dios os bendiga.<\/span><\/p>\n<p>Jose Miguel Moreno<\/p>\n","protected":false},"excerpt":{"rendered":"<p>Comenzamos un nuevo a\u00f1o, cargado de nuevas ilusiones y proyectos. Amar la misa, conocer y vivir la Eucarist\u00eda, fue el reto que nos marc\u00e1bamos el a\u00f1o pasado, en el que hemos ido avanzando semana tras semana con la colaboraci\u00f3n de &hellip; <a href=\"http:\/\/www.asociacionecas.es\/?p=1575\">Sigue leyendo <span class=\"meta-nav\">&rarr;<\/span><\/a><\/p>\n","protected":false},"author":1,"featured_media":0,"comment_status":"open","ping_status":"open","sticky":false,"template":"","format":"standard","meta":[],"categories":[1],"tags":[],"_links":{"self":[{"href":"http:\/\/www.asociacionecas.es\/index.php?rest_route=\/wp\/v2\/posts\/1575"}],"collection":[{"href":"http:\/\/www.asociacionecas.es\/index.php?rest_route=\/wp\/v2\/posts"}],"about":[{"href":"http:\/\/www.asociacionecas.es\/index.php?rest_route=\/wp\/v2\/types\/post"}],"author":[{"embeddable":true,"href":"http:\/\/www.asociacionecas.es\/index.php?rest_route=\/wp\/v2\/users\/1"}],"replies":[{"embeddable":true,"href":"http:\/\/www.asociacionecas.es\/index.php?rest_route=%2Fwp%2Fv2%2Fcomments&post=1575"}],"version-history":[{"count":3,"href":"http:\/\/www.asociacionecas.es\/index.php?rest_route=\/wp\/v2\/posts\/1575\/revisions"}],"predecessor-version":[{"id":1579,"href":"http:\/\/www.asociacionecas.es\/index.php?rest_route=\/wp\/v2\/posts\/1575\/revisions\/1579"}],"wp:attachment":[{"href":"http:\/\/www.asociacionecas.es\/index.php?rest_route=%2Fwp%2Fv2%2Fmedia&parent=1575"}],"wp:term":[{"taxonomy":"category","embeddable":true,"href":"http:\/\/www.asociacionecas.es\/index.php?rest_route=%2Fwp%2Fv2%2Fcategories&post=1575"},{"taxonomy":"post_tag","embeddable":true,"href":"http:\/\/www.asociacionecas.es\/index.php?rest_route=%2Fwp%2Fv2%2Ftags&post=1575"}],"curies":[{"name":"wp","href":"https:\/\/api.w.org\/{rel}","templated":true}]}}