{"id":1572,"date":"2013-12-04T13:28:20","date_gmt":"2013-12-04T12:28:20","guid":{"rendered":"http:\/\/www.asociacionecas.es\/?p=1572"},"modified":"2013-12-04T13:28:20","modified_gmt":"2013-12-04T12:28:20","slug":"ultima-oracion-del-ano-2013","status":"publish","type":"post","link":"http:\/\/www.asociacionecas.es\/?p=1572","title":{"rendered":"Ultima Oraci\u00f3n del a\u00f1o 2013"},"content":{"rendered":"<p style=\"text-align: justify;\">Como todos los mi\u00e9rcoles primeros de mes, hoy d\u00eda 4 de Diciembre a las 9:30 de la noche <img decoding=\"async\" loading=\"lazy\" class=\"alignleft\" alt=\"\" src=\"https:\/\/encrypted-tbn0.gstatic.com\/images?q=tbn:ANd9GcTbFbEp4x14bu6ht5NlUPb3R3b5Y4IzvMuDayk3-4R39SdDXLDS\" width=\"241\" height=\"152\" name=\"GggIziLjgjezEM:\" data-src=\"https:\/\/encrypted-tbn0.gstatic.com\/images?q=tbn:ANd9GcTbFbEp4x14bu6ht5NlUPb3R3b5Y4IzvMuDayk3-4R39SdDXLDS\" data-sz=\"f\" \/>tendr\u00e1 lugar en los pisos la \u00faltima oraci\u00f3n de este a\u00f1o. En esta ocasi\u00f3n la ha preparado Jose Miguel del grupo Viernes. Os esperamos a todos, es una buena ocasi\u00f3n para despedir el a\u00f1o y pedir al Se\u00f1or por el a\u00f1o que viene. \u00a1An\u00edmate!<\/p>\n","protected":false},"excerpt":{"rendered":"<p>Como todos los mi\u00e9rcoles primeros de mes, hoy d\u00eda 4 de Diciembre a las 9:30 de la noche tendr\u00e1 lugar en los pisos la \u00faltima oraci\u00f3n de este a\u00f1o. En esta ocasi\u00f3n la ha preparado Jose Miguel del grupo Viernes. &hellip; <a href=\"http:\/\/www.asociacionecas.es\/?p=1572\">Sigue leyendo <span class=\"meta-nav\">&rarr;<\/span><\/a><\/p>\n","protected":false},"author":1,"featured_media":0,"comment_status":"open","ping_status":"open","sticky":false,"template":"","format":"standard","meta":[],"categories":[1],"tags":[],"_links":{"self":[{"href":"http:\/\/www.asociacionecas.es\/index.php?rest_route=\/wp\/v2\/posts\/1572"}],"collection":[{"href":"http:\/\/www.asociacionecas.es\/index.php?rest_route=\/wp\/v2\/posts"}],"about":[{"href":"http:\/\/www.asociacionecas.es\/index.php?rest_route=\/wp\/v2\/types\/post"}],"author":[{"embeddable":true,"href":"http:\/\/www.asociacionecas.es\/index.php?rest_route=\/wp\/v2\/users\/1"}],"replies":[{"embeddable":true,"href":"http:\/\/www.asociacionecas.es\/index.php?rest_route=%2Fwp%2Fv2%2Fcomments&post=1572"}],"version-history":[{"count":1,"href":"http:\/\/www.asociacionecas.es\/index.php?rest_route=\/wp\/v2\/posts\/1572\/revisions"}],"predecessor-version":[{"id":1573,"href":"http:\/\/www.asociacionecas.es\/index.php?rest_route=\/wp\/v2\/posts\/1572\/revisions\/1573"}],"wp:attachment":[{"href":"http:\/\/www.asociacionecas.es\/index.php?rest_route=%2Fwp%2Fv2%2Fmedia&parent=1572"}],"wp:term":[{"taxonomy":"category","embeddable":true,"href":"http:\/\/www.asociacionecas.es\/index.php?rest_route=%2Fwp%2Fv2%2Fcategories&post=1572"},{"taxonomy":"post_tag","embeddable":true,"href":"http:\/\/www.asociacionecas.es\/index.php?rest_route=%2Fwp%2Fv2%2Ftags&post=1572"}],"curies":[{"name":"wp","href":"https:\/\/api.w.org\/{rel}","templated":true}]}}