{"id":1567,"date":"2013-11-19T23:26:24","date_gmt":"2013-11-19T22:26:24","guid":{"rendered":"http:\/\/www.asociacionecas.es\/?p=1567"},"modified":"2013-11-19T23:26:24","modified_gmt":"2013-11-19T22:26:24","slug":"comunicado-de-prensa-2","status":"publish","type":"post","link":"http:\/\/www.asociacionecas.es\/?p=1567","title":{"rendered":"Comunicado de Prensa (2)"},"content":{"rendered":"<p><img decoding=\"async\" loading=\"lazy\" class=\"alignleft size-full wp-image-1568\" alt=\"diaiglesiadiocesana\" src=\"http:\/\/www.asociacionecas.es\/wp-content\/uploads\/2013\/11\/diaiglesiadiocesana.png\" width=\"189\" height=\"267\" \/><\/p>\n<p style=\"text-align: justify;\">En esta segunda edici\u00f3n sobre noticias\u00a0 relacionadas con la iglesia, de nuevo quiero resaltar varias que se han producido en lo que llevamos de mes de noviembre, y que considero que deben tener nuestra atenci\u00f3n y consideraci\u00f3n por su signif\u00edcaci\u00f3n:<\/p>\n<p style=\"text-align: justify;\">&#8211; El pasado d\u00eda 17-11-2013, se celebr\u00f3 el d\u00eda de la iglesia diocesana. Este a\u00f1o con \u00a0 el lema \u00abayuda a tu iglesia, ganamos todos\u00bb;\u00a0 se nos invita a participar en la \u00a0 hermosa tarea de hacer, gracias a nuestra fe, un mundo mejor y m\u00e1s humano.<\/p>\n<p style=\"text-align: justify;\">&#8211; Bajo el t\u00edtulo \u00abLas manos de la iglesia, las cifras de una labor insustituible\u00bb, \u00a0 se resalta la intensa labor de la iglesia en el conjunto nacional, y as\u00ed destaca \u00a0 datos tales como que en su labor asistencial atiende a mas de 4,5 millones de \u00a0 personas necesitadas; que m\u00e1s de 10 millones de fieles espa\u00f1oles van a\u00a0 misa cada \u00a0 domingo; la iglesia produce un ahorro al estado en educaci\u00f3n de aproximadamente \u00a0 4.100 millones de euros; un impacto incalculable econ\u00f3mico del turismo religioso, \u00a0 etc. son datos que resaltan la enorme trascendencia del papel de la iglesia y sus \u00a0 manos, que deben ser tambi\u00e9n las nuestras, las de todos.<\/p>\n<p style=\"text-align: justify;\">&#8211; Como no puede ser de otra menera, nos hacemos eco de la trascendencia y gravedad \u00a0 de la devastaci\u00f3n en Filipinas, y hacer una llamada a la solidaridad.<\/p>\n<p style=\"text-align: justify;\">&#8211; Una vez m\u00e1s resaltar el acercamiento del Papa Francisco a los m\u00e1s necesitados. \u00a0 En esta ocasi\u00f3n se nos muestra y destaca la ternura del Santo Padre con los \u00a0 enfermos (se aprecia una foto donde el Papa abraza a un hombre enfermo de neuro- \u00a0 fibromatosis (enfermedad\u00a0 neuronal que produce tumores en la piel y deformaci\u00f3n \u00a0 en los huesos).<\/p>\n<p style=\"text-align: justify;\">&#8211; As\u00ed mismo destacar\u00edamos el mensaje del Papa a los enfermos en peregrinaci\u00f3n a \u00a0 Lourdes, a los que dijo:<\/p>\n<p style=\"text-align: justify;\">\u00a0 \u00a1Sois un tesoro precioso de la iglesia!.<\/p>\n<p style=\"text-align: justify;\">&#8211; Un art\u00edculo que considero\u00a0 debe ser destacado por su significado, lleva por \u00a0 titulo\u00a0 \u00abLa iglesia abierta a todos\u00bb, donde se destaca como el Papa nos dice que \u00a0 la iglesia es cat\u00f3lica porque es la Casa de la Armon\u00eda, donde unidad y diversidad \u00a0 saben conjugarse juntas para ser riqueza. Cada uno aportamos a la iglesia lo que \u00a0 Dios nos ha dado con el \u00fanico objetivo de enriquecer a los dem\u00e1s. \u00a0 (reflexionemos sobre esto).<\/p>\n<p style=\"text-align: justify;\">&#8211; Finalmente quisiera destacar un art\u00edculo que considero muy significativo, lleva \u00a0 por t\u00edtulo\u00a0 \u00abEvangelizar en el Ciberespacio\u00bb. El mundo de las nuevas tecnolog\u00edas \u00a0 (el internet), se ha convertido en una herramiento universal para la evangelizaci\u00f3n, \u00a0 principalmente en los m\u00e1s j\u00f3venes. El mensaje de amor ha de llegar a las periferias \u00a0 existenciales\u00a0 m\u00e1s rec\u00f3nditas y a todos los seres humanos. Con un simple clic, \u00a0 podemos llevar el mensaje a tantos y tantos seres que lo esperan. Es la era del \u00a0 evangelio por internet, y debemos aprovechar estas tecnolog\u00edas para llevar el \u00a0 mensaje principalmente a los j\u00f3venes que son futuro y testimonio prresente de fe y \u00a0 amor. (y para muestra este bot\u00f3n que acabais de recibir y que debeis difundir).<\/p>\n<p style=\"text-align: justify;\">Saludos y hasta la pr\u00f3xima edici\u00f3n.<\/p>\n<p style=\"text-align: justify;\"><strong><em>Pedro Gonz\u00e1lez<\/em><\/strong><\/p>\n","protected":false},"excerpt":{"rendered":"<p>En esta segunda edici\u00f3n sobre noticias\u00a0 relacionadas con la iglesia, de nuevo quiero resaltar varias que se han producido en lo que llevamos de mes de noviembre, y que considero que deben tener nuestra atenci\u00f3n y consideraci\u00f3n por su signif\u00edcaci\u00f3n: &hellip; <a href=\"http:\/\/www.asociacionecas.es\/?p=1567\">Sigue leyendo <span class=\"meta-nav\">&rarr;<\/span><\/a><\/p>\n","protected":false},"author":1,"featured_media":0,"comment_status":"open","ping_status":"open","sticky":false,"template":"","format":"standard","meta":[],"categories":[1],"tags":[],"_links":{"self":[{"href":"http:\/\/www.asociacionecas.es\/index.php?rest_route=\/wp\/v2\/posts\/1567"}],"collection":[{"href":"http:\/\/www.asociacionecas.es\/index.php?rest_route=\/wp\/v2\/posts"}],"about":[{"href":"http:\/\/www.asociacionecas.es\/index.php?rest_route=\/wp\/v2\/types\/post"}],"author":[{"embeddable":true,"href":"http:\/\/www.asociacionecas.es\/index.php?rest_route=\/wp\/v2\/users\/1"}],"replies":[{"embeddable":true,"href":"http:\/\/www.asociacionecas.es\/index.php?rest_route=%2Fwp%2Fv2%2Fcomments&post=1567"}],"version-history":[{"count":2,"href":"http:\/\/www.asociacionecas.es\/index.php?rest_route=\/wp\/v2\/posts\/1567\/revisions"}],"predecessor-version":[{"id":1570,"href":"http:\/\/www.asociacionecas.es\/index.php?rest_route=\/wp\/v2\/posts\/1567\/revisions\/1570"}],"wp:attachment":[{"href":"http:\/\/www.asociacionecas.es\/index.php?rest_route=%2Fwp%2Fv2%2Fmedia&parent=1567"}],"wp:term":[{"taxonomy":"category","embeddable":true,"href":"http:\/\/www.asociacionecas.es\/index.php?rest_route=%2Fwp%2Fv2%2Fcategories&post=1567"},{"taxonomy":"post_tag","embeddable":true,"href":"http:\/\/www.asociacionecas.es\/index.php?rest_route=%2Fwp%2Fv2%2Ftags&post=1567"}],"curies":[{"name":"wp","href":"https:\/\/api.w.org\/{rel}","templated":true}]}}