{"id":1560,"date":"2013-11-14T21:01:11","date_gmt":"2013-11-14T20:01:11","guid":{"rendered":"http:\/\/www.asociacionecas.es\/?p=1560"},"modified":"2013-11-14T21:01:11","modified_gmt":"2013-11-14T20:01:11","slug":"propuesta-del-grupo-de-los-miercoles","status":"publish","type":"post","link":"http:\/\/www.asociacionecas.es\/?p=1560","title":{"rendered":"PROPUESTA DEL GRUPO DE LOS MI\u00c9RCOLES"},"content":{"rendered":"<p>En las dos \u00faltimas reuniones del grupo de los mi\u00e9rcoles, sin contar el d\u00eda que lo dedicamos a la oraci\u00f3n, se plante\u00f3 y debati\u00f3 la idea de que ECAS podr\u00eda usar este blog de una forma m\u00e1s din\u00e1mica y participativa, de forma que sirviera de puente que uniera los distintos grupos  que la componen. Nadie negar\u00e1 que es lamentable que, disponiendo de portentosos instrumentos de comunicaci\u00f3n que caben en un bolsillo, sigamos sabiendo los unos de los otros bien a trav\u00e9s de don Jes\u00fas, bien cuando nos encontramos en una convivencia o en cualquier otro evento colectivo.<br \/>\nAdem\u00e1s de aportar informaci\u00f3n general (del modo que lo  hace un peri\u00f3dico), el blog es un invento que ofrece much\u00edsimas m\u00e1s posibilidades de comunicaci\u00f3n. Por ejemplo, la de ocasionar di\u00e1logos entre sus participantes, dado que a cualquier lector de una publicaci\u00f3n le es dado participar de forma activa con comentarios y publicaciones propias. Usado de una forma m\u00e1s din\u00e1mica y participativa, el blog nos dar\u00eda la oportunidad de conocer los avatares, las experiencias, las actividades y los proyectos de los dem\u00e1s grupos. A la escritura de tales contenidos la enriquecer\u00edan fotograf\u00edas y v\u00eddeos. Incluso podr\u00eda adjuntarse a las publicaciones el material que ha servido para preparar los temas en torno a los cuales el grupo ha conversado. Ser\u00eda un fondo com\u00fan que a todos podr\u00eda aprovechar.<br \/>\nNuestro grupo propone que se habilite al menos a un miembro de cada grupo para poder participar este blog de ECAS, a fin de no privar a los dem\u00e1s grupos de las peque\u00f1as \u00abcosechas espirituales\u00bb, de las que solo son testigo las paredes de la sede.<br \/>\nAvelino <\/p>\n","protected":false},"excerpt":{"rendered":"<p>En las dos \u00faltimas reuniones del grupo de los mi\u00e9rcoles, sin contar el d\u00eda que lo dedicamos a la oraci\u00f3n, se plante\u00f3 y debati\u00f3 la idea de que ECAS podr\u00eda usar este blog de una forma m\u00e1s din\u00e1mica y participativa, &hellip; <a href=\"http:\/\/www.asociacionecas.es\/?p=1560\">Sigue leyendo <span class=\"meta-nav\">&rarr;<\/span><\/a><\/p>\n","protected":false},"author":36,"featured_media":0,"comment_status":"open","ping_status":"open","sticky":false,"template":"","format":"standard","meta":[],"categories":[1],"tags":[],"_links":{"self":[{"href":"http:\/\/www.asociacionecas.es\/index.php?rest_route=\/wp\/v2\/posts\/1560"}],"collection":[{"href":"http:\/\/www.asociacionecas.es\/index.php?rest_route=\/wp\/v2\/posts"}],"about":[{"href":"http:\/\/www.asociacionecas.es\/index.php?rest_route=\/wp\/v2\/types\/post"}],"author":[{"embeddable":true,"href":"http:\/\/www.asociacionecas.es\/index.php?rest_route=\/wp\/v2\/users\/36"}],"replies":[{"embeddable":true,"href":"http:\/\/www.asociacionecas.es\/index.php?rest_route=%2Fwp%2Fv2%2Fcomments&post=1560"}],"version-history":[{"count":0,"href":"http:\/\/www.asociacionecas.es\/index.php?rest_route=\/wp\/v2\/posts\/1560\/revisions"}],"wp:attachment":[{"href":"http:\/\/www.asociacionecas.es\/index.php?rest_route=%2Fwp%2Fv2%2Fmedia&parent=1560"}],"wp:term":[{"taxonomy":"category","embeddable":true,"href":"http:\/\/www.asociacionecas.es\/index.php?rest_route=%2Fwp%2Fv2%2Fcategories&post=1560"},{"taxonomy":"post_tag","embeddable":true,"href":"http:\/\/www.asociacionecas.es\/index.php?rest_route=%2Fwp%2Fv2%2Ftags&post=1560"}],"curies":[{"name":"wp","href":"https:\/\/api.w.org\/{rel}","templated":true}]}}