{"id":1541,"date":"2013-10-22T17:01:58","date_gmt":"2013-10-22T15:01:58","guid":{"rendered":"http:\/\/www.asociacionecas.es\/?p=1541"},"modified":"2013-10-22T17:01:58","modified_gmt":"2013-10-22T15:01:58","slug":"reunion-responsables-ecas-17-de-octubre-2013","status":"publish","type":"post","link":"http:\/\/www.asociacionecas.es\/?p=1541","title":{"rendered":"Reunion Responsables ECAS 17 de Octubre 2013"},"content":{"rendered":"<address style=\"text-align: justify;\">Empezamos leyendo el Evangelio del d\u00eda.<\/address>\n<address style=\"text-align: justify;\">D. Jes\u00fas propone dialogar primero sobre la figura del responsable de grupo y de su misi\u00f3n.<\/address>\n<address style=\"text-align: justify;\">\u00a0\u00a0\u00a0\u00a0\u00a0\u00a0\u00a0\u00a0\u00a0\u00a0\u00a0\u00a0\u00a0\u00a0\u00a0\u00a0\u00a0\u00a0 Este debe:<\/address>\n<address style=\"text-align: justify;\">\u00a0\u00a0\u00a0\u00a0\u00a0\u00a0\u00a0\u00a0\u00a0\u00a0\u00a0\u00a0\u00a0\u00a0\u00a0\u00a0\u00a0\u00a0 . Dar ejemplo y motivar para la continuidad, como animador, catequista.<\/address>\n<address style=\"text-align: justify;\">\u00a0\u00a0\u00a0\u00a0\u00a0\u00a0\u00a0\u00a0\u00a0\u00a0\u00a0\u00a0\u00a0\u00a0\u00a0\u00a0\u00a0\u00a0 . Papa Francisco: Ser ejemplo, salir de uno mismo. Compromiso con los dem\u00e1s y con Dios.<\/address>\n<address style=\"text-align: justify;\">\u00a0\u00a0\u00a0\u00a0\u00a0\u00a0\u00a0\u00a0\u00a0\u00a0\u00a0\u00a0\u00a0\u00a0\u00a0\u00a0\u00a0\u00a0 . Entusiasmo que contagie al grupo.<\/address>\n<address style=\"text-align: justify;\">\u00a0\u00a0\u00a0\u00a0\u00a0\u00a0\u00a0\u00a0\u00a0\u00a0\u00a0\u00a0\u00a0\u00a0\u00a0\u00a0\u00a0\u00a0 . El \u00e9xito del responsable se mide en la capacidad de gestionar el grupo, de mover al grupo a las distintas actividades.<\/address>\n<address style=\"text-align: justify;\">\u00a0\u00a0\u00a0\u00a0\u00a0\u00a0\u00a0\u00a0\u00a0\u00a0\u00a0\u00a0\u00a0\u00a0\u00a0\u00a0\u00a0\u00a0 . Ser una herramienta, y trasmisor.<\/address>\n<address style=\"text-align: justify;\">\u00a0\u00a0\u00a0\u00a0\u00a0\u00a0\u00a0\u00a0\u00a0\u00a0\u00a0\u00a0\u00a0\u00a0\u00a0\u00a0\u00a0\u00a0 . Se le pide nueva evangelizaci\u00f3n: Amar a Dios y llevarlo a los dem\u00e1s. Lo que hemos recibido debemos darlo.<\/address>\n<address style=\"text-align: justify;\">\u00a0\u00a0\u00a0\u00a0\u00a0\u00a0\u00a0\u00a0\u00a0\u00a0\u00a0\u00a0\u00a0\u00a0\u00a0\u00a0\u00a0\u00a0 . Constancia.<\/address>\n<address style=\"text-align: justify;\">\u00a0\u00a0\u00a0\u00a0\u00a0\u00a0\u00a0\u00a0\u00a0\u00a0\u00a0\u00a0\u00a0\u00a0\u00a0\u00a0\u00a0\u00a0 . Acogida.<\/address>\n<address style=\"text-align: justify;\">D. Jes\u00fas pregunta: \u00bfqu\u00e9 diferencia hay entre un grupo solo y un grupo de un movimiento?.<\/address>\n<address style=\"text-align: justify;\">\u00a0\u00a0\u00a0\u00a0\u00a0\u00a0\u00a0\u00a0\u00a0\u00a0\u00a0\u00a0\u00a0\u00a0\u00a0\u00a0\u00a0\u00a0 . La unidad, los objetivos comunes y las normas. Coordinaci\u00f3n con todos los grupos del movimiento.<\/address>\n<address style=\"text-align: justify;\">\u00a0\u00a0\u00a0\u00a0\u00a0\u00a0\u00a0\u00a0\u00a0\u00a0\u00a0\u00a0\u00a0\u00a0\u00a0\u00a0\u00a0\u00a0 . En el movimiento cristiano se trabaja por los m\u00e1s necesitados. Se acoge a los dem\u00e1s. Hay un acercamiento a Dios y un crecimiento personal.<\/address>\n<address style=\"text-align: justify;\">\u00a0\u00a0\u00a0\u00a0\u00a0\u00a0\u00a0\u00a0\u00a0\u00a0\u00a0\u00a0\u00a0\u00a0\u00a0\u00a0\u00a0\u00a0 . Cohesi\u00f3n entre los grupos. Uni\u00f3n entre todos.<\/address>\n<address style=\"text-align: justify;\">\u00a0\u00a0\u00a0\u00a0\u00a0\u00a0\u00a0\u00a0\u00a0\u00a0\u00a0\u00a0\u00a0\u00a0\u00a0\u00a0\u00a0\u00a0 . Principios cristianos.<\/address>\n<address style=\"text-align: justify;\">\u00a0<\/address>\n<address style=\"text-align: justify;\">Objetivos que propone D. Jes\u00fas para este a\u00f1o:\u00a0<\/address>\n<address style=\"text-align: justify;\">\u00bf C\u00f3mo damos testimonio de Dios? A trav\u00e9s de la experiencia que es el Evangelio.<\/address>\n<address style=\"text-align: justify;\">\u00bf C\u00f3mo trasmito la Fe?<\/address>\n<address style=\"text-align: justify;\">Testimonio Ecas. \u00bfC\u00f3mo trasmitimos desde la experiencia?. Tenemos que responsabilizarnos. Formamos una familia.\u00a0 Hay que evangelizar a los que algo les ha quedado, a los que han tenido alg\u00fan contacto con Ecas. Compromiso: convivir con los antiguos Ecas. M\u00e1s cohesi\u00f3n\u00a0 en el encuentro.<\/address>\n<address style=\"text-align: justify;\">1er Objetivo: Unirnos a la oraci\u00f3n de la Iglesia a trav\u00e9s de los Salmos. Conocer esa oraci\u00f3n que nos sirve para sentirnos parte de la Iglesia y unirnos a ella en la oraci\u00f3n de las V\u00edsperas.<\/address>\n<address style=\"text-align: justify;\">2\u00ba Objetivo: Que dentro de cada grupo alguien se responsabilice de las noticias de la Iglesia.<\/address>\n<address style=\"text-align: justify;\">Se hace responsable Pedro (grupo lunes) de informar v\u00eda eMail a los responsables de los<br \/>\ngrupos y estos informar\u00e1n a su grupo correspondiente.<\/address>\n<address style=\"text-align: justify;\">3er Objetivo: Uni\u00f3n con la Iglesia, con el grupo y con los otros grupos.<\/address>\n<address style=\"text-align: justify;\">\u00a0<\/address>\n<address style=\"text-align: justify;\"><img decoding=\"async\" loading=\"lazy\" class=\"alignleft\" alt=\"\" src=\"https:\/\/encrypted-tbn1.gstatic.com\/images?q=tbn:ANd9GcQgRcgtt11ON2aRDLLGoSHDVX3KMQ7q27TPug34sTJeQ0R3E7rs\" width=\"273\" height=\"184\" name=\"NzT9e1lOSw3ZDM:\" data-sz=\"f\" \/>Conde propone como lema para este a\u00f1o:<\/address>\n<h1 style=\"text-align: justify;\"><strong>\u201cL\u00e1mpara es tu palabra para mis pasos<\/strong>\u201d.<\/h1>\n<address style=\"text-align: justify;\">\u00a0<\/address>\n<address style=\"text-align: justify;\">\u00a0\u00a0\u00a0\u00a0\u00a0\u00a0\u00a0\u00a0\u00a0\u00a0\u00a0\u00a0\u00a0\u00a0\u00a0\u00a0\u00a0\u00a0 Se contin\u00faa con la oraci\u00f3n de los mi\u00e9rcoles, pero pendientes de cambiar al jueves para no entorpecer el funcionamiento del grupo del mi\u00e9rcoles. Ya se confirmar\u00e1.<\/address>\n<address style=\"text-align: justify;\">\u00a0\u00a0\u00a0\u00a0\u00a0\u00a0\u00a0\u00a0\u00a0\u00a0\u00a0\u00a0\u00a0\u00a0\u00a0\u00a0\u00a0\u00a0 Se vuelve a proponer la necesidad de regular Ecas como movimiento cristiano ante la Di\u00f3cesis.<\/address>\n<address style=\"text-align: justify;\">\u00a0\u00a0\u00a0\u00a0\u00a0\u00a0\u00a0\u00a0\u00a0\u00a0\u00a0\u00a0\u00a0\u00a0\u00a0\u00a0\u00a0\u00a0 Este a\u00f1o va a haber confirmaciones, pero a\u00fan no hay fecha. Se pide apoyo y ayuda al grupo de confirmantes.<\/address>\n<address style=\"text-align: justify;\">\u00a0\u00a0\u00a0\u00a0\u00a0\u00a0\u00a0\u00a0\u00a0\u00a0\u00a0\u00a0\u00a0\u00a0\u00a0\u00a0\u00a0\u00a0 A\u00fan quedan medallas con el escudo Ecas. Quien quiera pregunten a Conde o a Tom\u00e1s.<\/address>\n<address style=\"text-align: justify;\">\u00a0\u00a0\u00a0\u00a0\u00a0\u00a0\u00a0\u00a0\u00a0\u00a0\u00a0\u00a0\u00a0\u00a0\u00a0\u00a0\u00a0\u00a0 Se necesita colaboraci\u00f3n con los distintos responsables de: catequesis, de viajes, de la Fundaci\u00f3n, de la campa\u00f1a de alimentos, etc\u2026<\/address>\n<address style=\"text-align: justify;\">\u00a0\u00a0\u00a0\u00a0\u00a0\u00a0\u00a0\u00a0\u00a0\u00a0\u00a0\u00a0\u00a0\u00a0\u00a0\u00a0\u00a0\u00a0 Hay que seguir llamando, yendo a los colegios, dando publicidad a Ecas.<\/address>\n<address style=\"text-align: justify;\">\u00a0\u00a0\u00a0\u00a0\u00a0\u00a0\u00a0\u00a0\u00a0\u00a0\u00a0\u00a0\u00a0\u00a0\u00a0\u00a0\u00a0\u00a0 Para catequesis es necesario el testimonio de miembros de Ecas a los padres de los ni\u00f1os que se est\u00e1n preparando para la comuni\u00f3n. Una vez al mes.<\/address>\n<address style=\"text-align: justify;\">\u00a0\u00a0\u00a0\u00a0\u00a0\u00a0\u00a0\u00a0\u00a0\u00a0\u00a0\u00a0\u00a0\u00a0\u00a0\u00a0\u00a0\u00a0 Convivencias: que los responsables de grupo animen a ir.<\/address>\n<address style=\"text-align: justify;\">\u00a0\u00a0\u00a0\u00a0\u00a0\u00a0\u00a0\u00a0\u00a0\u00a0\u00a0\u00a0\u00a0\u00a0\u00a0\u00a0\u00a0\u00a0 Fundaci\u00f3n: Publicidad por los grupos (tr\u00edpticos), hacer mas socios.\u00a0 Compromiso al trabajar. Se necesita una persona responsable de la relaci\u00f3n con los medios de comunicaci\u00f3n, alguien que sepa redactar los comunicados que se mandan a los peri\u00f3dicos.<\/address>\n<address style=\"text-align: justify;\">\u00a0\u00a0\u00a0\u00a0\u00a0\u00a0\u00a0\u00a0\u00a0\u00a0\u00a0\u00a0\u00a0\u00a0\u00a0\u00a0\u00a0\u00a0 A primero de mes se va a dar una rueda de prensa para presentar la Fundaci\u00f3n a los trabajadores de la Diputaci\u00f3n. Se necesita colaboraci\u00f3n, ya se avisar\u00e1 la fecha concreta.<\/address>\n<address style=\"text-align: justify;\">\u00a0\u00a0\u00a0\u00a0\u00a0\u00a0\u00a0\u00a0\u00a0\u00a0\u00a0\u00a0\u00a0\u00a0\u00a0\u00a0\u00a0\u00a0 Va a haber una jornada de puertas abiertas en la Universidad.<\/address>\n<address style=\"text-align: justify;\">\u00a0\u00a0\u00a0\u00a0\u00a0\u00a0\u00a0\u00a0\u00a0\u00a0\u00a0\u00a0\u00a0\u00a0\u00a0\u00a0\u00a0\u00a0 En la cena se cuenta con las mujeres para cobrar y vender papeletas. Se necesitan personas para ir a la ONGs para invitarles a la cena.<\/address>\n<address style=\"text-align: justify;\">\u00a0\u00a0\u00a0\u00a0\u00a0\u00a0\u00a0\u00a0\u00a0\u00a0\u00a0\u00a0\u00a0\u00a0\u00a0\u00a0\u00a0\u00a0 <a href=\"http:\/\/www.tienda.fundacionjesusperegrin.org\" target=\"_blank\">Ya est\u00e1 la loter\u00eda a la venta.<\/a><\/address>\n<address style=\"text-align: justify;\">\u00a0\u00a0\u00a0\u00a0\u00a0\u00a0\u00a0\u00a0\u00a0\u00a0\u00a0\u00a0\u00a0\u00a0\u00a0\u00a0\u00a0\u00a0 Para la campa\u00f1a de alimentos se har\u00e1 una reuni\u00f3n.<\/address>\n<address style=\"text-align: justify;\">\u00a0\u00a0\u00a0\u00a0\u00a0\u00a0\u00a0\u00a0\u00a0\u00a0\u00a0\u00a0\u00a0\u00a0\u00a0\u00a0\u00a0\u00a0 Fomentar el voluntariado. Compromiso. Saber con la gente que se cuenta para los distintos trabajos. \u201c Ayudar nos Ayuda\u201d<\/address>\n<address style=\"text-align: justify;\">\u00a0\u00a0\u00a0\u00a0\u00a0\u00a0\u00a0\u00a0\u00a0\u00a0\u00a0\u00a0\u00a0\u00a0\u00a0\u00a0\u00a0\u00a0 Cohesionar los grupos. Compartir toda la informaci\u00f3n con todos.<\/address>\n<address style=\"text-align: justify;\">\u00a0\u00a0\u00a0\u00a0 El Coro necesita apoyo,\u00a0 y gente nueva, j\u00f3venes.<\/address>\n<address style=\"text-align: justify;\">(Dori S.)<\/address>\n<p>&nbsp;<\/p>\n","protected":false},"excerpt":{"rendered":"<p>Empezamos leyendo el Evangelio del d\u00eda. D. Jes\u00fas propone dialogar primero sobre la figura del responsable de grupo y de su misi\u00f3n. \u00a0\u00a0\u00a0\u00a0\u00a0\u00a0\u00a0\u00a0\u00a0\u00a0\u00a0\u00a0\u00a0\u00a0\u00a0\u00a0\u00a0\u00a0 Este debe: \u00a0\u00a0\u00a0\u00a0\u00a0\u00a0\u00a0\u00a0\u00a0\u00a0\u00a0\u00a0\u00a0\u00a0\u00a0\u00a0\u00a0\u00a0 . Dar ejemplo y motivar para la continuidad, como animador, catequista. \u00a0\u00a0\u00a0\u00a0\u00a0\u00a0\u00a0\u00a0\u00a0\u00a0\u00a0\u00a0\u00a0\u00a0\u00a0\u00a0\u00a0\u00a0 . Papa &hellip; <a href=\"http:\/\/www.asociacionecas.es\/?p=1541\">Sigue leyendo <span class=\"meta-nav\">&rarr;<\/span><\/a><\/p>\n","protected":false},"author":1,"featured_media":0,"comment_status":"open","ping_status":"open","sticky":false,"template":"","format":"standard","meta":[],"categories":[1],"tags":[],"_links":{"self":[{"href":"http:\/\/www.asociacionecas.es\/index.php?rest_route=\/wp\/v2\/posts\/1541"}],"collection":[{"href":"http:\/\/www.asociacionecas.es\/index.php?rest_route=\/wp\/v2\/posts"}],"about":[{"href":"http:\/\/www.asociacionecas.es\/index.php?rest_route=\/wp\/v2\/types\/post"}],"author":[{"embeddable":true,"href":"http:\/\/www.asociacionecas.es\/index.php?rest_route=\/wp\/v2\/users\/1"}],"replies":[{"embeddable":true,"href":"http:\/\/www.asociacionecas.es\/index.php?rest_route=%2Fwp%2Fv2%2Fcomments&post=1541"}],"version-history":[{"count":1,"href":"http:\/\/www.asociacionecas.es\/index.php?rest_route=\/wp\/v2\/posts\/1541\/revisions"}],"predecessor-version":[{"id":1542,"href":"http:\/\/www.asociacionecas.es\/index.php?rest_route=\/wp\/v2\/posts\/1541\/revisions\/1542"}],"wp:attachment":[{"href":"http:\/\/www.asociacionecas.es\/index.php?rest_route=%2Fwp%2Fv2%2Fmedia&parent=1541"}],"wp:term":[{"taxonomy":"category","embeddable":true,"href":"http:\/\/www.asociacionecas.es\/index.php?rest_route=%2Fwp%2Fv2%2Fcategories&post=1541"},{"taxonomy":"post_tag","embeddable":true,"href":"http:\/\/www.asociacionecas.es\/index.php?rest_route=%2Fwp%2Fv2%2Ftags&post=1541"}],"curies":[{"name":"wp","href":"https:\/\/api.w.org\/{rel}","templated":true}]}}