{"id":1532,"date":"2013-10-05T12:57:56","date_gmt":"2013-10-05T10:57:56","guid":{"rendered":"http:\/\/www.asociacionecas.es\/?p=1532"},"modified":"2013-10-05T12:59:36","modified_gmt":"2013-10-05T10:59:36","slug":"viaje-convivencia-a-cordoba-el-dia-18-de-octubre-de-2013","status":"publish","type":"post","link":"http:\/\/www.asociacionecas.es\/?p=1532","title":{"rendered":"Viaje-Convivencia a C\u00f3rdoba el dia 18 de Octubre de 2013"},"content":{"rendered":"<p style=\"text-align: justify;\">El movimiento ECAS\u00a0\u00a0 prepara una convivencia con mayores y j\u00f3venes para que vaya creciendo la amistad entre todos y se ayuden en su formaci\u00f3n personal y espiritual.<\/p>\n<p style=\"text-align: justify;\">\u00a0\u00a0\u00a0\u00a0\u00a0\u00a0\u00a0\u00a0\u00a0\u00a0\u00a0 Esta convivencia tendr\u00e1 lugar en Casa de Diocesana Espiritualidad de San Antonio, C\u00f3rdoba (674 287 210). El s\u00e1bado tendremos las actividades y el domingo veremos \u00a0e iremos a visitar C\u00f3rdoba .<img decoding=\"async\" loading=\"lazy\" class=\"alignleft\" id=\"irc_mi\" alt=\"\" src=\"http:\/\/venidyvereis.com\/56-246-thickbox\/casa-diocesana-de-espiritualidad-san-antonio.jpg\" width=\"313\" height=\"233\" \/><\/p>\n<p style=\"text-align: justify;\">\u00a0\u00a0\u00a0\u00a0\u00a0\u00a0\u00a0\u00a0\u00a0\u00a0\u00a0 La salida en autocar es en la puerta de La Salle, el d\u00eda\u00a0 18 de este mes a las\u00a0 16:00h. habr\u00e1 que llevar las dietas de este d\u00eda. Llegamos a la casa para dormir. Las dietas del s\u00e1bado y el desayuno del domingo se incluyen en el precio. El domingo d\u00eda 20 almorzaremos en C\u00f3rdoba. Llegaremos no muy tarde a Almer\u00eda.<\/p>\n<p style=\"text-align: justify;\">El coste del viaje para mayores es de 90 euros, y de 60 euros para los j\u00f3venes. Aqu\u00ed va incluido el viaje y la estancia en la casa, as\u00ed como desayuno, almuerzo y cena del s\u00e1bado y desayuno del domingo.<\/p>\n<p style=\"text-align: justify;\">Para cualquier consulta o aclaraci\u00f3n, mi tel\u00e9fono es <b><span style=\"text-decoration: underline;\">950237125 o 648653297<\/span><\/b><\/p>\n<p style=\"text-align: justify;\">Pod\u00e9is ver la casa pinchando en el siguiente enlace:<\/p>\n<p>&nbsp;<\/p>\n<p style=\"text-align: justify;\">enlace con la pagina web de la Casa de Espiritualidad San Antonio de C\u00f3rdoba<\/p>\n<p>&nbsp;<\/p>\n<p style=\"text-align: justify;\">\n","protected":false},"excerpt":{"rendered":"<p>El movimiento ECAS\u00a0\u00a0 prepara una convivencia con mayores y j\u00f3venes para que vaya creciendo la amistad entre todos y se ayuden en su formaci\u00f3n personal y espiritual. \u00a0\u00a0\u00a0\u00a0\u00a0\u00a0\u00a0\u00a0\u00a0\u00a0\u00a0 Esta convivencia tendr\u00e1 lugar en Casa de Diocesana Espiritualidad de San Antonio, &hellip; <a href=\"http:\/\/www.asociacionecas.es\/?p=1532\">Sigue leyendo <span class=\"meta-nav\">&rarr;<\/span><\/a><\/p>\n","protected":false},"author":1,"featured_media":0,"comment_status":"open","ping_status":"open","sticky":false,"template":"","format":"standard","meta":[],"categories":[1],"tags":[],"_links":{"self":[{"href":"http:\/\/www.asociacionecas.es\/index.php?rest_route=\/wp\/v2\/posts\/1532"}],"collection":[{"href":"http:\/\/www.asociacionecas.es\/index.php?rest_route=\/wp\/v2\/posts"}],"about":[{"href":"http:\/\/www.asociacionecas.es\/index.php?rest_route=\/wp\/v2\/types\/post"}],"author":[{"embeddable":true,"href":"http:\/\/www.asociacionecas.es\/index.php?rest_route=\/wp\/v2\/users\/1"}],"replies":[{"embeddable":true,"href":"http:\/\/www.asociacionecas.es\/index.php?rest_route=%2Fwp%2Fv2%2Fcomments&post=1532"}],"version-history":[{"count":3,"href":"http:\/\/www.asociacionecas.es\/index.php?rest_route=\/wp\/v2\/posts\/1532\/revisions"}],"predecessor-version":[{"id":1535,"href":"http:\/\/www.asociacionecas.es\/index.php?rest_route=\/wp\/v2\/posts\/1532\/revisions\/1535"}],"wp:attachment":[{"href":"http:\/\/www.asociacionecas.es\/index.php?rest_route=%2Fwp%2Fv2%2Fmedia&parent=1532"}],"wp:term":[{"taxonomy":"category","embeddable":true,"href":"http:\/\/www.asociacionecas.es\/index.php?rest_route=%2Fwp%2Fv2%2Fcategories&post=1532"},{"taxonomy":"post_tag","embeddable":true,"href":"http:\/\/www.asociacionecas.es\/index.php?rest_route=%2Fwp%2Fv2%2Ftags&post=1532"}],"curies":[{"name":"wp","href":"https:\/\/api.w.org\/{rel}","templated":true}]}}