{"id":1526,"date":"2013-06-25T17:42:13","date_gmt":"2013-06-25T15:42:13","guid":{"rendered":"http:\/\/www.asociacionecas.es\/?p=1526"},"modified":"2013-06-25T17:42:13","modified_gmt":"2013-06-25T15:42:13","slug":"nueva-revista-de-verano-2013","status":"publish","type":"post","link":"http:\/\/www.asociacionecas.es\/?p=1526","title":{"rendered":"Nueva Revista, de Verano 2013"},"content":{"rendered":"<p style=\"text-align: justify;\">Ya se ha publicado la Revista de ECAS de este Verano de 2013. Desde aqu\u00ed una felicitaci\u00f3n <a title=\"Revistas Publicadas\" href=\"http:\/\/www.asociacionecas.es\/?page_id=106\"><img decoding=\"async\" loading=\"lazy\" class=\"alignleft  wp-image-1527\" alt=\"Revista E.C.A.S. Verano 2013\" src=\"http:\/\/www.asociacionecas.es\/wp-content\/uploads\/2013\/06\/Revista-E.C.A.S.-Verano-2013.jpg\" width=\"125\" height=\"207\" \/><\/a>a Dani y Maria Jos\u00e9 porque cada temporada con su profesionalidad y cari\u00f1o nos hacen disfrutar de una revista cada vez m\u00e1s profesional y con nuevos contenidos. Tambi\u00e9n damos las gracias a todos los que han participado en ella y nos deleitan con sus experiencias y testimonios. Aqu\u00ed os dejamos la versi\u00f3n digital pero tambi\u00e9n podeis haceros con la versi\u00f3n en papel en los Pisos de Gregorio Mara\u00f1on. \u00a1\u00a1\u00a1 Feliz Verano a todos&#8230;\u00a1\u00a1\u00a1\u00a1<\/p>\n","protected":false},"excerpt":{"rendered":"<p>Ya se ha publicado la Revista de ECAS de este Verano de 2013. Desde aqu\u00ed una felicitaci\u00f3n a Dani y Maria Jos\u00e9 porque cada temporada con su profesionalidad y cari\u00f1o nos hacen disfrutar de una revista cada vez m\u00e1s profesional &hellip; <a href=\"http:\/\/www.asociacionecas.es\/?p=1526\">Sigue leyendo <span class=\"meta-nav\">&rarr;<\/span><\/a><\/p>\n","protected":false},"author":1,"featured_media":0,"comment_status":"open","ping_status":"open","sticky":false,"template":"","format":"standard","meta":[],"categories":[1],"tags":[],"_links":{"self":[{"href":"http:\/\/www.asociacionecas.es\/index.php?rest_route=\/wp\/v2\/posts\/1526"}],"collection":[{"href":"http:\/\/www.asociacionecas.es\/index.php?rest_route=\/wp\/v2\/posts"}],"about":[{"href":"http:\/\/www.asociacionecas.es\/index.php?rest_route=\/wp\/v2\/types\/post"}],"author":[{"embeddable":true,"href":"http:\/\/www.asociacionecas.es\/index.php?rest_route=\/wp\/v2\/users\/1"}],"replies":[{"embeddable":true,"href":"http:\/\/www.asociacionecas.es\/index.php?rest_route=%2Fwp%2Fv2%2Fcomments&post=1526"}],"version-history":[{"count":1,"href":"http:\/\/www.asociacionecas.es\/index.php?rest_route=\/wp\/v2\/posts\/1526\/revisions"}],"predecessor-version":[{"id":1528,"href":"http:\/\/www.asociacionecas.es\/index.php?rest_route=\/wp\/v2\/posts\/1526\/revisions\/1528"}],"wp:attachment":[{"href":"http:\/\/www.asociacionecas.es\/index.php?rest_route=%2Fwp%2Fv2%2Fmedia&parent=1526"}],"wp:term":[{"taxonomy":"category","embeddable":true,"href":"http:\/\/www.asociacionecas.es\/index.php?rest_route=%2Fwp%2Fv2%2Fcategories&post=1526"},{"taxonomy":"post_tag","embeddable":true,"href":"http:\/\/www.asociacionecas.es\/index.php?rest_route=%2Fwp%2Fv2%2Ftags&post=1526"}],"curies":[{"name":"wp","href":"https:\/\/api.w.org\/{rel}","templated":true}]}}