{"id":1516,"date":"2013-06-13T16:55:42","date_gmt":"2013-06-13T14:55:42","guid":{"rendered":"http:\/\/www.asociacionecas.es\/?p=1516"},"modified":"2013-06-13T16:55:42","modified_gmt":"2013-06-13T14:55:42","slug":"experiencia-encuentro-oracion-domingo-16-de-junio","status":"publish","type":"post","link":"http:\/\/www.asociacionecas.es\/?p=1516","title":{"rendered":"EXPERIENCIA &#8211; ENCUENTRO &#8211; ORACI\u00d3N  Domingo 16 de Junio"},"content":{"rendered":"<p style=\"text-align: justify;\">El pr\u00f3ximo Domingo dia 16 a las 17:30, en los pisos de E.C.A.S. en la calle Gregorio Mara\u00f1\u00f3n 37, tendremos un Encuentro con los miembros de las J.M.V. para compartir la Experiencia de Misi\u00f3n de una Hermana de la Inmaculada Ni\u00f1a. Ser\u00e1n momentos para compartir y unirnos en oraci\u00f3n.<img decoding=\"async\" loading=\"lazy\" class=\"alignleft  wp-image-1518\" alt=\"Comedor Inmaculada Ni\u00f1a en Granada (Nicaragua)\" src=\"http:\/\/www.asociacionecas.es\/wp-content\/uploads\/2013\/06\/Comedor-Inmaculada-Ni\u00f1a-en-Granada-Nicaragua.jpg\" width=\"354\" height=\"266\" srcset=\"http:\/\/www.asociacionecas.es\/wp-content\/uploads\/2013\/06\/Comedor-Inmaculada-Ni\u00f1a-en-Granada-Nicaragua.jpg 2048w, http:\/\/www.asociacionecas.es\/wp-content\/uploads\/2013\/06\/Comedor-Inmaculada-Ni\u00f1a-en-Granada-Nicaragua-300x225.jpg 300w, http:\/\/www.asociacionecas.es\/wp-content\/uploads\/2013\/06\/Comedor-Inmaculada-Ni\u00f1a-en-Granada-Nicaragua-1024x768.jpg 1024w\" sizes=\"(max-width: 354px) 100vw, 354px\" \/><\/p>\n<p style=\"text-align: justify;\">La Hna. Carmen Balseiro se encuentra en Granada (Nicaragua) atendiendo varios comedores para ni\u00f1os y a un grupo de chicas que est\u00e1n all\u00ed internas para ayudarles en sus estudios. La Fundaci\u00f3n Jes\u00fas Peregr\u00edn lleva ya dos a\u00f1os ayudando a estos proyectos con la colaboraci\u00f3n de todos sus socios y una subvenci\u00f3n del Ayuntamiento de Almer\u00eda.<\/p>\n<p style=\"text-align: justify;\">Os esperamos a todos, seguro que no nos iremos con las manos vac\u00edas con esta experiencia de vida y misi\u00f3n. !Animo!.. y sed puntuales, gracias.<\/p>\n","protected":false},"excerpt":{"rendered":"<p>El pr\u00f3ximo Domingo dia 16 a las 17:30, en los pisos de E.C.A.S. en la calle Gregorio Mara\u00f1\u00f3n 37, tendremos un Encuentro con los miembros de las J.M.V. para compartir la Experiencia de Misi\u00f3n de una Hermana de la Inmaculada &hellip; <a href=\"http:\/\/www.asociacionecas.es\/?p=1516\">Sigue leyendo <span class=\"meta-nav\">&rarr;<\/span><\/a><\/p>\n","protected":false},"author":1,"featured_media":0,"comment_status":"open","ping_status":"open","sticky":false,"template":"","format":"standard","meta":[],"categories":[1],"tags":[],"_links":{"self":[{"href":"http:\/\/www.asociacionecas.es\/index.php?rest_route=\/wp\/v2\/posts\/1516"}],"collection":[{"href":"http:\/\/www.asociacionecas.es\/index.php?rest_route=\/wp\/v2\/posts"}],"about":[{"href":"http:\/\/www.asociacionecas.es\/index.php?rest_route=\/wp\/v2\/types\/post"}],"author":[{"embeddable":true,"href":"http:\/\/www.asociacionecas.es\/index.php?rest_route=\/wp\/v2\/users\/1"}],"replies":[{"embeddable":true,"href":"http:\/\/www.asociacionecas.es\/index.php?rest_route=%2Fwp%2Fv2%2Fcomments&post=1516"}],"version-history":[{"count":2,"href":"http:\/\/www.asociacionecas.es\/index.php?rest_route=\/wp\/v2\/posts\/1516\/revisions"}],"predecessor-version":[{"id":1519,"href":"http:\/\/www.asociacionecas.es\/index.php?rest_route=\/wp\/v2\/posts\/1516\/revisions\/1519"}],"wp:attachment":[{"href":"http:\/\/www.asociacionecas.es\/index.php?rest_route=%2Fwp%2Fv2%2Fmedia&parent=1516"}],"wp:term":[{"taxonomy":"category","embeddable":true,"href":"http:\/\/www.asociacionecas.es\/index.php?rest_route=%2Fwp%2Fv2%2Fcategories&post=1516"},{"taxonomy":"post_tag","embeddable":true,"href":"http:\/\/www.asociacionecas.es\/index.php?rest_route=%2Fwp%2Fv2%2Ftags&post=1516"}],"curies":[{"name":"wp","href":"https:\/\/api.w.org\/{rel}","templated":true}]}}