{"id":1512,"date":"2013-06-03T17:37:26","date_gmt":"2013-06-03T15:37:26","guid":{"rendered":"http:\/\/www.asociacionecas.es\/?p=1512"},"modified":"2013-06-03T17:37:26","modified_gmt":"2013-06-03T15:37:26","slug":"oracion-general-ecas-5-de-mayo-de-2013","status":"publish","type":"post","link":"http:\/\/www.asociacionecas.es\/?p=1512","title":{"rendered":"Oraci\u00f3n General ECAs  5 de Mayo de 2013"},"content":{"rendered":"<p style=\"text-align: justify;\"><img decoding=\"async\" loading=\"lazy\" class=\"alignleft size-full wp-image-1513\" alt=\"Orar es hacer tu Voluntad\" src=\"http:\/\/www.asociacionecas.es\/wp-content\/uploads\/2013\/06\/Orar-es-hacer-tu-Voluntad.jpg\" width=\"358\" height=\"400\" srcset=\"http:\/\/www.asociacionecas.es\/wp-content\/uploads\/2013\/06\/Orar-es-hacer-tu-Voluntad.jpg 358w, http:\/\/www.asociacionecas.es\/wp-content\/uploads\/2013\/06\/Orar-es-hacer-tu-Voluntad-268x300.jpg 268w\" sizes=\"(max-width: 358px) 100vw, 358px\" \/>Os recordamos que el pr\u00f3ximo dia 5 tendremos una nueva Oraci\u00f3n General para todos los grupos, ya sabemos que la oraci\u00f3n es esencial si queremos seguir el camino de Jes\u00fas y alimentar nuestra Fe junto con los dem\u00e1s porque la Fe se vive en Grupo. Saludos, os esperamos a todos.<\/p>\n","protected":false},"excerpt":{"rendered":"<p>Os recordamos que el pr\u00f3ximo dia 5 tendremos una nueva Oraci\u00f3n General para todos los grupos, ya sabemos que la oraci\u00f3n es esencial si queremos seguir el camino de Jes\u00fas y alimentar nuestra Fe junto con los dem\u00e1s porque la &hellip; <a href=\"http:\/\/www.asociacionecas.es\/?p=1512\">Sigue leyendo <span class=\"meta-nav\">&rarr;<\/span><\/a><\/p>\n","protected":false},"author":1,"featured_media":0,"comment_status":"open","ping_status":"open","sticky":false,"template":"","format":"standard","meta":[],"categories":[1],"tags":[],"_links":{"self":[{"href":"http:\/\/www.asociacionecas.es\/index.php?rest_route=\/wp\/v2\/posts\/1512"}],"collection":[{"href":"http:\/\/www.asociacionecas.es\/index.php?rest_route=\/wp\/v2\/posts"}],"about":[{"href":"http:\/\/www.asociacionecas.es\/index.php?rest_route=\/wp\/v2\/types\/post"}],"author":[{"embeddable":true,"href":"http:\/\/www.asociacionecas.es\/index.php?rest_route=\/wp\/v2\/users\/1"}],"replies":[{"embeddable":true,"href":"http:\/\/www.asociacionecas.es\/index.php?rest_route=%2Fwp%2Fv2%2Fcomments&post=1512"}],"version-history":[{"count":1,"href":"http:\/\/www.asociacionecas.es\/index.php?rest_route=\/wp\/v2\/posts\/1512\/revisions"}],"predecessor-version":[{"id":1514,"href":"http:\/\/www.asociacionecas.es\/index.php?rest_route=\/wp\/v2\/posts\/1512\/revisions\/1514"}],"wp:attachment":[{"href":"http:\/\/www.asociacionecas.es\/index.php?rest_route=%2Fwp%2Fv2%2Fmedia&parent=1512"}],"wp:term":[{"taxonomy":"category","embeddable":true,"href":"http:\/\/www.asociacionecas.es\/index.php?rest_route=%2Fwp%2Fv2%2Fcategories&post=1512"},{"taxonomy":"post_tag","embeddable":true,"href":"http:\/\/www.asociacionecas.es\/index.php?rest_route=%2Fwp%2Fv2%2Ftags&post=1512"}],"curies":[{"name":"wp","href":"https:\/\/api.w.org\/{rel}","templated":true}]}}