{"id":1507,"date":"2013-05-07T16:40:04","date_gmt":"2013-05-07T14:40:04","guid":{"rendered":"http:\/\/www.asociacionecas.es\/?p=1507"},"modified":"2013-05-07T16:40:04","modified_gmt":"2013-05-07T14:40:04","slug":"oracion-general-de-ecas-del-8-de-mayo","status":"publish","type":"post","link":"http:\/\/www.asociacionecas.es\/?p=1507","title":{"rendered":"Oracion General de ECAS del 8 de Mayo"},"content":{"rendered":"<p style=\"text-align: justify;\"><img decoding=\"async\" loading=\"lazy\" class=\"alignleft size-full wp-image-1508\" alt=\"oracion\" src=\"http:\/\/www.asociacionecas.es\/wp-content\/uploads\/2013\/05\/oracion.jpg\" width=\"358\" height=\"141\" srcset=\"http:\/\/www.asociacionecas.es\/wp-content\/uploads\/2013\/05\/oracion.jpg 358w, http:\/\/www.asociacionecas.es\/wp-content\/uploads\/2013\/05\/oracion-300x118.jpg 300w\" sizes=\"(max-width: 358px) 100vw, 358px\" \/>Os volvemos a recordar que el pr\u00f3ximo miercoles, \u00a0dia 8 de Mayo de 2013 tenemos la ORACION GENERAL DE GRUPOS, que como siempre ser\u00e1 a las 9:30 de la noche y en esta ocasi\u00f3n la han preparado las hermanas de las Siervas. Seguro que ser\u00e1 muy bonita y de la que podremos participar todos. Os esperamos, seguro que saldremos con mucha alegr\u00eda y esperanza renovada en una misma Fe.<\/p>\n","protected":false},"excerpt":{"rendered":"<p>Os volvemos a recordar que el pr\u00f3ximo miercoles, \u00a0dia 8 de Mayo de 2013 tenemos la ORACION GENERAL DE GRUPOS, que como siempre ser\u00e1 a las 9:30 de la noche y en esta ocasi\u00f3n la han preparado las hermanas de &hellip; <a href=\"http:\/\/www.asociacionecas.es\/?p=1507\">Sigue leyendo <span class=\"meta-nav\">&rarr;<\/span><\/a><\/p>\n","protected":false},"author":1,"featured_media":0,"comment_status":"open","ping_status":"open","sticky":false,"template":"","format":"standard","meta":[],"categories":[1],"tags":[],"_links":{"self":[{"href":"http:\/\/www.asociacionecas.es\/index.php?rest_route=\/wp\/v2\/posts\/1507"}],"collection":[{"href":"http:\/\/www.asociacionecas.es\/index.php?rest_route=\/wp\/v2\/posts"}],"about":[{"href":"http:\/\/www.asociacionecas.es\/index.php?rest_route=\/wp\/v2\/types\/post"}],"author":[{"embeddable":true,"href":"http:\/\/www.asociacionecas.es\/index.php?rest_route=\/wp\/v2\/users\/1"}],"replies":[{"embeddable":true,"href":"http:\/\/www.asociacionecas.es\/index.php?rest_route=%2Fwp%2Fv2%2Fcomments&post=1507"}],"version-history":[{"count":1,"href":"http:\/\/www.asociacionecas.es\/index.php?rest_route=\/wp\/v2\/posts\/1507\/revisions"}],"predecessor-version":[{"id":1509,"href":"http:\/\/www.asociacionecas.es\/index.php?rest_route=\/wp\/v2\/posts\/1507\/revisions\/1509"}],"wp:attachment":[{"href":"http:\/\/www.asociacionecas.es\/index.php?rest_route=%2Fwp%2Fv2%2Fmedia&parent=1507"}],"wp:term":[{"taxonomy":"category","embeddable":true,"href":"http:\/\/www.asociacionecas.es\/index.php?rest_route=%2Fwp%2Fv2%2Fcategories&post=1507"},{"taxonomy":"post_tag","embeddable":true,"href":"http:\/\/www.asociacionecas.es\/index.php?rest_route=%2Fwp%2Fv2%2Ftags&post=1507"}],"curies":[{"name":"wp","href":"https:\/\/api.w.org\/{rel}","templated":true}]}}