{"id":1460,"date":"2013-04-09T21:04:31","date_gmt":"2013-04-09T19:04:31","guid":{"rendered":"http:\/\/www.asociacionecas.es\/?p=1460"},"modified":"2013-04-09T21:04:31","modified_gmt":"2013-04-09T19:04:31","slug":"viaje-convivencia-a-alicante-el-19-de-abril-de-2013","status":"publish","type":"post","link":"http:\/\/www.asociacionecas.es\/?p=1460","title":{"rendered":"Viaje Convivencia a Alicante el 19 de Abril de 2013"},"content":{"rendered":"<p style=\"text-align: justify;\">Este trimestre se ha preparado una nueva convivencia con mayores y j\u00f3venes para que vaya creciendo la amistad entre todos y se ayuden en su formaci\u00f3n personal y espiritual.<\/p>\n<p style=\"text-align: justify;\">\u00a0\u00a0\u00a0\u00a0\u00a0\u00a0\u00a0\u00a0\u00a0\u00a0\u00a0\u00a0 Hemos pensado tenerla en Campello, Alicante, en la casa de ejercicios de los Salesianos. El s\u00e1bado tendremos las actividades y el domingo veremos Alicante e iremos a la fiesta de la Santa Faz. De regreso, visitaremos Elche, ciudad hist\u00f3rica muy destacable por su arte.<img decoding=\"async\" loading=\"lazy\" class=\"alignleft size-full wp-image-1462\" alt=\"alicante\" src=\"http:\/\/www.asociacionecas.es\/wp-content\/uploads\/2013\/04\/alicante.jpg\" width=\"262\" height=\"189\" \/><\/p>\n<p style=\"text-align: justify;\">\u00a0\u00a0\u00a0\u00a0\u00a0\u00a0\u00a0\u00a0\u00a0\u00a0\u00a0 La salida en autocar es el la puerta de La Salle, el d\u00eda 19 de este mes a las 16:00 h. Hay que llevarse bocadillo (se parar\u00e1 para cenar). Llegamos a la casa para dormir. El s\u00e1bado d\u00eda 20 hacemos todas las comidas en la casa. El domingo d\u00eda 21 desayunamos tambi\u00e9n all\u00ed y ya dejamos esta. Almorzaremos en ruta cada uno por su cuenta, bien se llevar\u00e1 algo o se compra all\u00ed y llegaremos no muy tarde a Almer\u00eda.<\/p>\n<p style=\"text-align: justify;\">\u00a0El coste del viaje para mayores es de 90 euros, y de 75 euros para los j\u00f3venes. Aqu\u00ed va incluido el viaje y la estancia en la casa.<\/p>\n<p style=\"text-align: justify;\">\u00a0Para cualquier consulta o aclaraci\u00f3n, mi tel\u00e9fono es <b><span style=\"text-decoration: underline;\">950237125 o 648653297<\/span><\/b><\/p>\n","protected":false},"excerpt":{"rendered":"<p>Este trimestre se ha preparado una nueva convivencia con mayores y j\u00f3venes para que vaya creciendo la amistad entre todos y se ayuden en su formaci\u00f3n personal y espiritual. \u00a0\u00a0\u00a0\u00a0\u00a0\u00a0\u00a0\u00a0\u00a0\u00a0\u00a0\u00a0 Hemos pensado tenerla en Campello, Alicante, en la casa de &hellip; <a href=\"http:\/\/www.asociacionecas.es\/?p=1460\">Sigue leyendo <span class=\"meta-nav\">&rarr;<\/span><\/a><\/p>\n","protected":false},"author":1,"featured_media":0,"comment_status":"open","ping_status":"open","sticky":false,"template":"","format":"standard","meta":[],"categories":[1],"tags":[],"_links":{"self":[{"href":"http:\/\/www.asociacionecas.es\/index.php?rest_route=\/wp\/v2\/posts\/1460"}],"collection":[{"href":"http:\/\/www.asociacionecas.es\/index.php?rest_route=\/wp\/v2\/posts"}],"about":[{"href":"http:\/\/www.asociacionecas.es\/index.php?rest_route=\/wp\/v2\/types\/post"}],"author":[{"embeddable":true,"href":"http:\/\/www.asociacionecas.es\/index.php?rest_route=\/wp\/v2\/users\/1"}],"replies":[{"embeddable":true,"href":"http:\/\/www.asociacionecas.es\/index.php?rest_route=%2Fwp%2Fv2%2Fcomments&post=1460"}],"version-history":[{"count":3,"href":"http:\/\/www.asociacionecas.es\/index.php?rest_route=\/wp\/v2\/posts\/1460\/revisions"}],"predecessor-version":[{"id":1464,"href":"http:\/\/www.asociacionecas.es\/index.php?rest_route=\/wp\/v2\/posts\/1460\/revisions\/1464"}],"wp:attachment":[{"href":"http:\/\/www.asociacionecas.es\/index.php?rest_route=%2Fwp%2Fv2%2Fmedia&parent=1460"}],"wp:term":[{"taxonomy":"category","embeddable":true,"href":"http:\/\/www.asociacionecas.es\/index.php?rest_route=%2Fwp%2Fv2%2Fcategories&post=1460"},{"taxonomy":"post_tag","embeddable":true,"href":"http:\/\/www.asociacionecas.es\/index.php?rest_route=%2Fwp%2Fv2%2Ftags&post=1460"}],"curies":[{"name":"wp","href":"https:\/\/api.w.org\/{rel}","templated":true}]}}