{"id":1445,"date":"2013-04-02T19:07:08","date_gmt":"2013-04-02T17:07:08","guid":{"rendered":"http:\/\/www.asociacionecas.es\/?p=1445"},"modified":"2013-04-04T16:23:03","modified_gmt":"2013-04-04T14:23:03","slug":"oracion-general-del-3-de-abril-de-2013","status":"publish","type":"post","link":"http:\/\/www.asociacionecas.es\/?p=1445","title":{"rendered":"Oraci\u00f3n General del 3 de Abril de 2013"},"content":{"rendered":"<p style=\"text-align: justify;\">El proximo<img decoding=\"async\" loading=\"lazy\" class=\"alignleft size-full wp-image-1446\" alt=\"manos-en-oracion-con-crucifijo\" src=\"http:\/\/www.asociacionecas.es\/wp-content\/uploads\/2013\/04\/manos-en-oracion-con-crucifijo.jpg\" width=\"142\" height=\"131\" srcset=\"http:\/\/www.asociacionecas.es\/wp-content\/uploads\/2013\/04\/manos-en-oracion-con-crucifijo.jpg 1203w, http:\/\/www.asociacionecas.es\/wp-content\/uploads\/2013\/04\/manos-en-oracion-con-crucifijo-300x276.jpg 300w, http:\/\/www.asociacionecas.es\/wp-content\/uploads\/2013\/04\/manos-en-oracion-con-crucifijo-1024x942.jpg 1024w\" sizes=\"(max-width: 142px) 100vw, 142px\" \/> 3 de Abril a las 9;30 de la noche en los pisos, tendr\u00e1 lugar la tradicional ORACION GENERAL PARA TODOS LOS GRUPOS DE ECAS. Como siempre os esperamos a todos los que pod\u00e1is asistir pues es muy gratificante compartir nuestra FE mediante la ORACI\u00d3N.<\/p>\n<p style=\"text-align: justify;\">\u00a1 Enhorabuena \u00a1\u00a0 a los M\u00c1S J\u00f3venes (Grupo de Conde)\u00a0 que nos deleitaron a todos los asistentes con una oraci\u00f3n muy din\u00e1mica y participativa tanto como amena y emotiva. Tubimos momentos para todo, Reflexi\u00f3n, oraci\u00f3n, din\u00e1mica con velas y mucha m\u00fasica que hizo que nos llegara todo al coraz\u00f3n de los all\u00ed reunidos. FELICITADES y en la pr\u00f3xima os esperamos a todos NO OS LA PODEIS PERDER.<\/p>\n<p style=\"text-align: justify;\"><img decoding=\"async\" loading=\"lazy\" class=\"alignleft size-full wp-image-1451\" alt=\"WP_000287\" src=\"http:\/\/www.asociacionecas.es\/wp-content\/uploads\/2013\/04\/WP_000287.jpg\" width=\"2592\" height=\"1944\" srcset=\"http:\/\/www.asociacionecas.es\/wp-content\/uploads\/2013\/04\/WP_000287.jpg 2592w, http:\/\/www.asociacionecas.es\/wp-content\/uploads\/2013\/04\/WP_000287-300x225.jpg 300w, http:\/\/www.asociacionecas.es\/wp-content\/uploads\/2013\/04\/WP_000287-1024x768.jpg 1024w\" sizes=\"(max-width: 2592px) 100vw, 2592px\" \/><\/p>\n","protected":false},"excerpt":{"rendered":"<p>El proximo 3 de Abril a las 9;30 de la noche en los pisos, tendr\u00e1 lugar la tradicional ORACION GENERAL PARA TODOS LOS GRUPOS DE ECAS. Como siempre os esperamos a todos los que pod\u00e1is asistir pues es muy gratificante &hellip; <a href=\"http:\/\/www.asociacionecas.es\/?p=1445\">Sigue leyendo <span class=\"meta-nav\">&rarr;<\/span><\/a><\/p>\n","protected":false},"author":1,"featured_media":0,"comment_status":"open","ping_status":"open","sticky":false,"template":"","format":"standard","meta":[],"categories":[1],"tags":[],"_links":{"self":[{"href":"http:\/\/www.asociacionecas.es\/index.php?rest_route=\/wp\/v2\/posts\/1445"}],"collection":[{"href":"http:\/\/www.asociacionecas.es\/index.php?rest_route=\/wp\/v2\/posts"}],"about":[{"href":"http:\/\/www.asociacionecas.es\/index.php?rest_route=\/wp\/v2\/types\/post"}],"author":[{"embeddable":true,"href":"http:\/\/www.asociacionecas.es\/index.php?rest_route=\/wp\/v2\/users\/1"}],"replies":[{"embeddable":true,"href":"http:\/\/www.asociacionecas.es\/index.php?rest_route=%2Fwp%2Fv2%2Fcomments&post=1445"}],"version-history":[{"count":9,"href":"http:\/\/www.asociacionecas.es\/index.php?rest_route=\/wp\/v2\/posts\/1445\/revisions"}],"predecessor-version":[{"id":1450,"href":"http:\/\/www.asociacionecas.es\/index.php?rest_route=\/wp\/v2\/posts\/1445\/revisions\/1450"}],"wp:attachment":[{"href":"http:\/\/www.asociacionecas.es\/index.php?rest_route=%2Fwp%2Fv2%2Fmedia&parent=1445"}],"wp:term":[{"taxonomy":"category","embeddable":true,"href":"http:\/\/www.asociacionecas.es\/index.php?rest_route=%2Fwp%2Fv2%2Fcategories&post=1445"},{"taxonomy":"post_tag","embeddable":true,"href":"http:\/\/www.asociacionecas.es\/index.php?rest_route=%2Fwp%2Fv2%2Ftags&post=1445"}],"curies":[{"name":"wp","href":"https:\/\/api.w.org\/{rel}","templated":true}]}}