{"id":1408,"date":"2013-02-24T22:01:56","date_gmt":"2013-02-24T21:01:56","guid":{"rendered":"http:\/\/www.asociacionecas.es\/?p=1408"},"modified":"2013-02-24T22:01:56","modified_gmt":"2013-02-24T21:01:56","slug":"salida-ejercicios-mixtos-de-jovenes","status":"publish","type":"post","link":"http:\/\/www.asociacionecas.es\/?p=1408","title":{"rendered":"Salida Ejercicios Mixtos de Jovenes"},"content":{"rendered":"<p style=\"text-align: justify;\">Todo un lujo haber podido asistir hoy dia 24 de Febrero a la Misa de Clausura de los Ejercicios Espirituales de los Jovenes de Ecas, que otro a\u00f1o m\u00e1s han conseguido hacerlos mixtos. Como novedad, en esta ocasi\u00f3n han asistido los m\u00e1s jovenes de Ecas, hijos de los carrozas: Carmen, Fco Javier y Maria y tres j\u00f3venes de Sevilla que sus testimonios de Fe y alegr\u00eda nos han emocionado a todos.<img decoding=\"async\" loading=\"lazy\" class=\"alignleft size-full wp-image-1412\" alt=\"ejercicios jovenes\" src=\"http:\/\/www.asociacionecas.es\/wp-content\/uploads\/2013\/02\/ejercicios-jovenes.jpg\" width=\"960\" height=\"617\" srcset=\"http:\/\/www.asociacionecas.es\/wp-content\/uploads\/2013\/02\/ejercicios-jovenes.jpg 960w, http:\/\/www.asociacionecas.es\/wp-content\/uploads\/2013\/02\/ejercicios-jovenes-300x192.jpg 300w\" sizes=\"(max-width: 960px) 100vw, 960px\" \/><\/p>\n<p style=\"text-align: justify;\">Felicidades a todos. Seguir as\u00ed y entre todos formaremos la Verdadera y Viva Iglesia de Jes\u00fas nuestro Se\u00f1or.<\/p>\n<p style=\"text-align: justify;\">Os dejamos las <a href=\"http:\/\/www.facebook.com\/groups\/54186201335\/\" target=\"_blank\">fotos en Grupo ECAS de Facebook<\/a> de la Misa ejecutadas con maestr\u00eda como siempre por el compa\u00f1ero <a href=\"http:\/\/www.facebook.com\/groups\/54186201335\/\" target=\"_blank\">Javier Tortosa<\/a><\/p>\n<p style=\"text-align: justify;\">\n","protected":false},"excerpt":{"rendered":"<p>Todo un lujo haber podido asistir hoy dia 24 de Febrero a la Misa de Clausura de los Ejercicios Espirituales de los Jovenes de Ecas, que otro a\u00f1o m\u00e1s han conseguido hacerlos mixtos. Como novedad, en esta ocasi\u00f3n han asistido &hellip; <a href=\"http:\/\/www.asociacionecas.es\/?p=1408\">Sigue leyendo <span class=\"meta-nav\">&rarr;<\/span><\/a><\/p>\n","protected":false},"author":1,"featured_media":0,"comment_status":"open","ping_status":"open","sticky":false,"template":"","format":"standard","meta":[],"categories":[1],"tags":[],"_links":{"self":[{"href":"http:\/\/www.asociacionecas.es\/index.php?rest_route=\/wp\/v2\/posts\/1408"}],"collection":[{"href":"http:\/\/www.asociacionecas.es\/index.php?rest_route=\/wp\/v2\/posts"}],"about":[{"href":"http:\/\/www.asociacionecas.es\/index.php?rest_route=\/wp\/v2\/types\/post"}],"author":[{"embeddable":true,"href":"http:\/\/www.asociacionecas.es\/index.php?rest_route=\/wp\/v2\/users\/1"}],"replies":[{"embeddable":true,"href":"http:\/\/www.asociacionecas.es\/index.php?rest_route=%2Fwp%2Fv2%2Fcomments&post=1408"}],"version-history":[{"count":6,"href":"http:\/\/www.asociacionecas.es\/index.php?rest_route=\/wp\/v2\/posts\/1408\/revisions"}],"predecessor-version":[{"id":1415,"href":"http:\/\/www.asociacionecas.es\/index.php?rest_route=\/wp\/v2\/posts\/1408\/revisions\/1415"}],"wp:attachment":[{"href":"http:\/\/www.asociacionecas.es\/index.php?rest_route=%2Fwp%2Fv2%2Fmedia&parent=1408"}],"wp:term":[{"taxonomy":"category","embeddable":true,"href":"http:\/\/www.asociacionecas.es\/index.php?rest_route=%2Fwp%2Fv2%2Fcategories&post=1408"},{"taxonomy":"post_tag","embeddable":true,"href":"http:\/\/www.asociacionecas.es\/index.php?rest_route=%2Fwp%2Fv2%2Ftags&post=1408"}],"curies":[{"name":"wp","href":"https:\/\/api.w.org\/{rel}","templated":true}]}}