{"id":1401,"date":"2013-02-19T00:22:31","date_gmt":"2013-02-18T23:22:31","guid":{"rendered":"http:\/\/www.asociacionecas.es\/?p=1401"},"modified":"2013-02-19T00:22:31","modified_gmt":"2013-02-18T23:22:31","slug":"gran-exito-del-encuentro-ecas-de-2013","status":"publish","type":"post","link":"http:\/\/www.asociacionecas.es\/?p=1401","title":{"rendered":"Gran Exito del Encuentro ECAS de 2013"},"content":{"rendered":"<p style=\"text-align: justify;\">El domingo 17 de Febrero pasado disfrutamos de una entra\u00f1able y estupenda convivencia entre viejos y nuevos compa\u00f1eros de los Grupos. Tuvimos la oportunidad de escuchar maravillosas y <img decoding=\"async\" loading=\"lazy\" class=\"alignleft size-full wp-image-1402\" alt=\"Encuentro ECAs Aguadulce 2013\" src=\"http:\/\/www.asociacionecas.es\/wp-content\/uploads\/2013\/02\/Encuentro-ECAs-Aguadulce-2013.jpg\" width=\"960\" height=\"577\" srcset=\"http:\/\/www.asociacionecas.es\/wp-content\/uploads\/2013\/02\/Encuentro-ECAs-Aguadulce-2013.jpg 960w, http:\/\/www.asociacionecas.es\/wp-content\/uploads\/2013\/02\/Encuentro-ECAs-Aguadulce-2013-300x180.jpg 300w\" sizes=\"(max-width: 960px) 100vw, 960px\" \/>conmovedoras experiencias de distintos miembros de los grupos. Se hablo de Los Ejercicios Espirituales, de los Viajes, de la Campa\u00f1a de Alimentos, de las experiencias de Verano, de la Fundaci\u00f3n etc.. En defintivia se pudo comprobar la gran riqueza de los grupos en la que todos ponemos nuestro peque\u00f1o grano de arena y se vivi\u00f3 en primera persona la gran alegr\u00eda de la Fe en Cristo Resucitado. Muchas gracias a todos y en especial a Javier Tortosa que nos ha regalado con su buen hacer las fotografias que nos har\u00e1n recordar momentos inolvidables de este encuentro. Os dejamos el <a href=\"http:\/\/www.facebook.com\/photo.php?fbid=4240622225203&amp;set=oa.10151285489266336&amp;type=1&amp;theater\">enlace a las fotos aqu\u00ed<\/a><\/p>\n","protected":false},"excerpt":{"rendered":"<p>El domingo 17 de Febrero pasado disfrutamos de una entra\u00f1able y estupenda convivencia entre viejos y nuevos compa\u00f1eros de los Grupos. Tuvimos la oportunidad de escuchar maravillosas y conmovedoras experiencias de distintos miembros de los grupos. Se hablo de Los &hellip; <a href=\"http:\/\/www.asociacionecas.es\/?p=1401\">Sigue leyendo <span class=\"meta-nav\">&rarr;<\/span><\/a><\/p>\n","protected":false},"author":1,"featured_media":0,"comment_status":"open","ping_status":"open","sticky":false,"template":"","format":"standard","meta":[],"categories":[1],"tags":[],"_links":{"self":[{"href":"http:\/\/www.asociacionecas.es\/index.php?rest_route=\/wp\/v2\/posts\/1401"}],"collection":[{"href":"http:\/\/www.asociacionecas.es\/index.php?rest_route=\/wp\/v2\/posts"}],"about":[{"href":"http:\/\/www.asociacionecas.es\/index.php?rest_route=\/wp\/v2\/types\/post"}],"author":[{"embeddable":true,"href":"http:\/\/www.asociacionecas.es\/index.php?rest_route=\/wp\/v2\/users\/1"}],"replies":[{"embeddable":true,"href":"http:\/\/www.asociacionecas.es\/index.php?rest_route=%2Fwp%2Fv2%2Fcomments&post=1401"}],"version-history":[{"count":3,"href":"http:\/\/www.asociacionecas.es\/index.php?rest_route=\/wp\/v2\/posts\/1401\/revisions"}],"predecessor-version":[{"id":1405,"href":"http:\/\/www.asociacionecas.es\/index.php?rest_route=\/wp\/v2\/posts\/1401\/revisions\/1405"}],"wp:attachment":[{"href":"http:\/\/www.asociacionecas.es\/index.php?rest_route=%2Fwp%2Fv2%2Fmedia&parent=1401"}],"wp:term":[{"taxonomy":"category","embeddable":true,"href":"http:\/\/www.asociacionecas.es\/index.php?rest_route=%2Fwp%2Fv2%2Fcategories&post=1401"},{"taxonomy":"post_tag","embeddable":true,"href":"http:\/\/www.asociacionecas.es\/index.php?rest_route=%2Fwp%2Fv2%2Ftags&post=1401"}],"curies":[{"name":"wp","href":"https:\/\/api.w.org\/{rel}","templated":true}]}}