{"id":1393,"date":"2013-02-13T22:57:18","date_gmt":"2013-02-13T21:57:18","guid":{"rendered":"http:\/\/www.asociacionecas.es\/?p=1393"},"modified":"2013-02-13T22:57:18","modified_gmt":"2013-02-13T21:57:18","slug":"7o-encuentro-convivencia-equipos-de-ecas-en-aguadulce","status":"publish","type":"post","link":"http:\/\/www.asociacionecas.es\/?p=1393","title":{"rendered":"7\u00ba Encuentro Convivencia Equipos de ECAS en Aguadulce"},"content":{"rendered":"<p style=\"text-align: justify;\">Como todos los a\u00f1os el pr\u00f3ximo Domingo, d\u00eda 17 de Febrero, tendremos el ya cl\u00e1sico Encuentro-Convivencia de todos los Ecas, tanto de hoy como los de ayer, en la Casa de<\/p>\n<p style=\"text-align: justify;\"><img decoding=\"async\" loading=\"lazy\" class=\"size-full wp-image-574 alignleft\" alt=\"Galeria de Fotos ECAS\" src=\"http:\/\/www.asociacionecas.es\/wp-content\/uploads\/2012\/05\/collage.jpg\" width=\"285\" height=\"213\" \/><\/p>\n<p style=\"text-align: justify;\">Espiritualidad de Aguadulce a las 10 de la ma\u00f1ana. Compartiremos experiencias tanto actuales como las de hace a\u00f1os, con testimonios de compa\u00f1eros que estuvieron en los Grupos hace ya m\u00e1s de dos d\u00e9cadas y que vuelven a estar con nosotros. Tambi\u00e9n se informar\u00e1 de las actividades que se est\u00e1n llevando a cabo tanto en Ecas como en la Fundaci\u00f3n y clausuraremos este entra\u00f1able encuentro con una Eucarist\u00eda que ser\u00e1 concelebrada con nuestro querido Juan S\u00e1nchez Miranda, sacerdote muy comprometido <img decoding=\"async\" loading=\"lazy\" class=\"alignleft size-full wp-image-1397\" alt=\"papa8\" src=\"http:\/\/www.asociacionecas.es\/wp-content\/uploads\/2013\/02\/papa8.jpg\" width=\"420\" height=\"298\" srcset=\"http:\/\/www.asociacionecas.es\/wp-content\/uploads\/2013\/02\/papa8.jpg 841w, http:\/\/www.asociacionecas.es\/wp-content\/uploads\/2013\/02\/papa8-300x213.jpg 300w\" sizes=\"(max-width: 420px) 100vw, 420px\" \/>que paso tambi\u00e9n por los grupos\u00a0 y que recibiremos con mucho cari\u00f1o. Al medio d\u00eda comeremos all\u00ed mismo por lo que os rogar\u00edamos nos comunicarais vuestra asistencia a trav\u00e9s de nuestro correo o bien llamando a D. Jes\u00fas.\u00a0 Os esperamos a todos los que pod\u00e1is asistir pues ser\u00e1 un d\u00eda inolvidable para todos os lo podemos asegurar.<\/p>\n","protected":false},"excerpt":{"rendered":"<p>Como todos los a\u00f1os el pr\u00f3ximo Domingo, d\u00eda 17 de Febrero, tendremos el ya cl\u00e1sico Encuentro-Convivencia de todos los Ecas, tanto de hoy como los de ayer, en la Casa de Espiritualidad de Aguadulce a las 10 de la ma\u00f1ana. &hellip; <a href=\"http:\/\/www.asociacionecas.es\/?p=1393\">Sigue leyendo <span class=\"meta-nav\">&rarr;<\/span><\/a><\/p>\n","protected":false},"author":1,"featured_media":0,"comment_status":"open","ping_status":"open","sticky":false,"template":"","format":"standard","meta":[],"categories":[1],"tags":[],"_links":{"self":[{"href":"http:\/\/www.asociacionecas.es\/index.php?rest_route=\/wp\/v2\/posts\/1393"}],"collection":[{"href":"http:\/\/www.asociacionecas.es\/index.php?rest_route=\/wp\/v2\/posts"}],"about":[{"href":"http:\/\/www.asociacionecas.es\/index.php?rest_route=\/wp\/v2\/types\/post"}],"author":[{"embeddable":true,"href":"http:\/\/www.asociacionecas.es\/index.php?rest_route=\/wp\/v2\/users\/1"}],"replies":[{"embeddable":true,"href":"http:\/\/www.asociacionecas.es\/index.php?rest_route=%2Fwp%2Fv2%2Fcomments&post=1393"}],"version-history":[{"count":6,"href":"http:\/\/www.asociacionecas.es\/index.php?rest_route=\/wp\/v2\/posts\/1393\/revisions"}],"predecessor-version":[{"id":1400,"href":"http:\/\/www.asociacionecas.es\/index.php?rest_route=\/wp\/v2\/posts\/1393\/revisions\/1400"}],"wp:attachment":[{"href":"http:\/\/www.asociacionecas.es\/index.php?rest_route=%2Fwp%2Fv2%2Fmedia&parent=1393"}],"wp:term":[{"taxonomy":"category","embeddable":true,"href":"http:\/\/www.asociacionecas.es\/index.php?rest_route=%2Fwp%2Fv2%2Fcategories&post=1393"},{"taxonomy":"post_tag","embeddable":true,"href":"http:\/\/www.asociacionecas.es\/index.php?rest_route=%2Fwp%2Fv2%2Ftags&post=1393"}],"curies":[{"name":"wp","href":"https:\/\/api.w.org\/{rel}","templated":true}]}}