{"id":1386,"date":"2013-02-03T18:40:43","date_gmt":"2013-02-03T17:40:43","guid":{"rendered":"http:\/\/www.asociacionecas.es\/?p=1386"},"modified":"2013-02-04T20:03:27","modified_gmt":"2013-02-04T19:03:27","slug":"nueva-oracion-general-para-todos-el-proximo-dia-0622013","status":"publish","type":"post","link":"http:\/\/www.asociacionecas.es\/?p=1386","title":{"rendered":"Nueva Oraci\u00f3n General Para todos el pr\u00f3ximo dia 06\/2\/2013"},"content":{"rendered":"<p><img decoding=\"async\" loading=\"lazy\" class=\"alignleft size-full wp-image-1387\" alt=\"oraci\u00f3n\" src=\"http:\/\/www.asociacionecas.es\/wp-content\/uploads\/2013\/02\/oraci\u00f3n.jpg\" width=\"290\" height=\"174\" \/>El pr\u00f3ximo dia 6 de Febrero de 2013, como todos los miercoles primeros de mes tenemos nuestra acostumbrada y necesaria ORACI\u00d3N. Ser\u00e1 como siempre a las 9:30 de la noche y en esta ocasi\u00f3n la ha preparado nuestro querido CORO. Os esperamos a todos, ya sabeis que la oraci\u00f3n nos hace mucho bien.<\/p>\n","protected":false},"excerpt":{"rendered":"<p>El pr\u00f3ximo dia 6 de Febrero de 2013, como todos los miercoles primeros de mes tenemos nuestra acostumbrada y necesaria ORACI\u00d3N. Ser\u00e1 como siempre a las 9:30 de la noche y en esta ocasi\u00f3n la ha preparado nuestro querido CORO. &hellip; <a href=\"http:\/\/www.asociacionecas.es\/?p=1386\">Sigue leyendo <span class=\"meta-nav\">&rarr;<\/span><\/a><\/p>\n","protected":false},"author":1,"featured_media":0,"comment_status":"open","ping_status":"open","sticky":false,"template":"","format":"standard","meta":[],"categories":[1],"tags":[],"_links":{"self":[{"href":"http:\/\/www.asociacionecas.es\/index.php?rest_route=\/wp\/v2\/posts\/1386"}],"collection":[{"href":"http:\/\/www.asociacionecas.es\/index.php?rest_route=\/wp\/v2\/posts"}],"about":[{"href":"http:\/\/www.asociacionecas.es\/index.php?rest_route=\/wp\/v2\/types\/post"}],"author":[{"embeddable":true,"href":"http:\/\/www.asociacionecas.es\/index.php?rest_route=\/wp\/v2\/users\/1"}],"replies":[{"embeddable":true,"href":"http:\/\/www.asociacionecas.es\/index.php?rest_route=%2Fwp%2Fv2%2Fcomments&post=1386"}],"version-history":[{"count":3,"href":"http:\/\/www.asociacionecas.es\/index.php?rest_route=\/wp\/v2\/posts\/1386\/revisions"}],"predecessor-version":[{"id":1389,"href":"http:\/\/www.asociacionecas.es\/index.php?rest_route=\/wp\/v2\/posts\/1386\/revisions\/1389"}],"wp:attachment":[{"href":"http:\/\/www.asociacionecas.es\/index.php?rest_route=%2Fwp%2Fv2%2Fmedia&parent=1386"}],"wp:term":[{"taxonomy":"category","embeddable":true,"href":"http:\/\/www.asociacionecas.es\/index.php?rest_route=%2Fwp%2Fv2%2Fcategories&post=1386"},{"taxonomy":"post_tag","embeddable":true,"href":"http:\/\/www.asociacionecas.es\/index.php?rest_route=%2Fwp%2Fv2%2Ftags&post=1386"}],"curies":[{"name":"wp","href":"https:\/\/api.w.org\/{rel}","templated":true}]}}