{"id":1331,"date":"2012-12-16T22:41:53","date_gmt":"2012-12-16T21:41:53","guid":{"rendered":"http:\/\/www.asociacionecas.es\/?p=1331"},"modified":"2012-12-25T16:51:46","modified_gmt":"2012-12-25T15:51:46","slug":"por-2a-vez-en-dos-anos-primer-premio-del-concurso-de-villancicos-2012","status":"publish","type":"post","link":"http:\/\/www.asociacionecas.es\/?p=1331","title":{"rendered":"Por 2\u00aa vez en dos a\u00f1os PRIMER PREMIO DEL CONCURSO DE VILLANCICOS 2012"},"content":{"rendered":"<p>Como no podr\u00eda ser de otra forma, hemos vuelto a ganar el PRIMER PREMIO en el Concurso de Villancicos del Ayuntamiento de Almer\u00eda de este a\u00f1o 2012.<img decoding=\"async\" loading=\"lazy\" class=\"alignleft size-medium wp-image-1332\" title=\"CONCURSO1\" src=\"http:\/\/www.asociacionecas.es\/wp-content\/uploads\/2012\/12\/CONCURSO1-300x224.jpg\" alt=\"\" width=\"300\" height=\"224\" srcset=\"http:\/\/www.asociacionecas.es\/wp-content\/uploads\/2012\/12\/CONCURSO1-300x224.jpg 300w, http:\/\/www.asociacionecas.es\/wp-content\/uploads\/2012\/12\/CONCURSO1-1024x767.jpg 1024w, http:\/\/www.asociacionecas.es\/wp-content\/uploads\/2012\/12\/CONCURSO1.jpg 1630w\" sizes=\"(max-width: 300px) 100vw, 300px\" \/><\/p>\n<p>Ha habido un gran nivel en los participantes pero ninguno ha podido hacerle sombra a nuestro querido CORO ECAS que se ha proclamado de pleno derecho en el mejor coro por su originalidad tanto en m\u00fasica como en la letra de sus dos marvillosos villancicos am\u00e9n de su explendida interpretaci\u00f3n.<\/p>\n<p>Enhorabuena a todos los que nos sentimos de ECAS y una felicitaci\u00f3n de todo coraz\u00f3n a nuestro CORO. !!C A M P E O N E S\u00a1\u00a1<\/p>\n<p>VIDEO DE LA ACTUACION (Emitido por INTERALMERIA T.V.)<br \/>\n<p id=\"player1\" style=\"display:none\"><a href=\"http:\/\/www.macromedia.com\/go\/getflashplayer\">Get the latest Flash Player<\/a> to see this player.<\/p>\r\n<noscript><p>[Javascript required to view Flash movie, please turn it on and refresh this page]<\/p><\/noscript>\r\n\r\n<script type=\"text\/javascript\">\r\n\tdocument.getElementById(\"player1\").style.display = \"\";\r\n\t\r\n\tvar s1 = new SWFObject(\"\/wp-contents\/jw-flv-player\/player.swf\",\"player1\",\"350\",\"280\",\"7\");\r\n\ts1.addParam(\"wmode\",\"transparent\");\r\n\ts1.addParam(\"allowscriptaccess\",\"always\");\r\n\ts1.addParam(\"allowfullscreen\",\"true\");\r\n\ts1.addVariable(\"height\",\"280\");\r\n\ts1.addVariable(\"width\",\"350\"); \n\ts1.addVariable(\"file\",\"http:\/\/www.asociacionecas.es\/videos\/villanciconavidad.flv\");\n\ts1.addVariable(\"image\",\"http:\/\/www.asociacionecas.es\/videos\/villanciconavidad.jpg\");\n\ts1.addVariable(\"link\",\"http:\/\/www.asociacionecas.es\/videos\/villanciconavidad.flv\");\n\ts1.addVariable(\"showstop\",\"true\");\n\ts1.addVariable(\"showdownload\",\"true\");\n\ts1.addVariable(\"autostart\",\"true\");\r\n\ts1.write(\"player1\");\r\n<\/script>\n","protected":false},"excerpt":{"rendered":"<p>Como no podr\u00eda ser de otra forma, hemos vuelto a ganar el PRIMER PREMIO en el Concurso de Villancicos del Ayuntamiento de Almer\u00eda de este a\u00f1o 2012. Ha habido un gran nivel en los participantes pero ninguno ha podido hacerle &hellip; <a href=\"http:\/\/www.asociacionecas.es\/?p=1331\">Sigue leyendo <span class=\"meta-nav\">&rarr;<\/span><\/a><\/p>\n","protected":false},"author":1,"featured_media":0,"comment_status":"open","ping_status":"open","sticky":false,"template":"","format":"standard","meta":[],"categories":[1],"tags":[],"_links":{"self":[{"href":"http:\/\/www.asociacionecas.es\/index.php?rest_route=\/wp\/v2\/posts\/1331"}],"collection":[{"href":"http:\/\/www.asociacionecas.es\/index.php?rest_route=\/wp\/v2\/posts"}],"about":[{"href":"http:\/\/www.asociacionecas.es\/index.php?rest_route=\/wp\/v2\/types\/post"}],"author":[{"embeddable":true,"href":"http:\/\/www.asociacionecas.es\/index.php?rest_route=\/wp\/v2\/users\/1"}],"replies":[{"embeddable":true,"href":"http:\/\/www.asociacionecas.es\/index.php?rest_route=%2Fwp%2Fv2%2Fcomments&post=1331"}],"version-history":[{"count":15,"href":"http:\/\/www.asociacionecas.es\/index.php?rest_route=\/wp\/v2\/posts\/1331\/revisions"}],"predecessor-version":[{"id":1341,"href":"http:\/\/www.asociacionecas.es\/index.php?rest_route=\/wp\/v2\/posts\/1331\/revisions\/1341"}],"wp:attachment":[{"href":"http:\/\/www.asociacionecas.es\/index.php?rest_route=%2Fwp%2Fv2%2Fmedia&parent=1331"}],"wp:term":[{"taxonomy":"category","embeddable":true,"href":"http:\/\/www.asociacionecas.es\/index.php?rest_route=%2Fwp%2Fv2%2Fcategories&post=1331"},{"taxonomy":"post_tag","embeddable":true,"href":"http:\/\/www.asociacionecas.es\/index.php?rest_route=%2Fwp%2Fv2%2Ftags&post=1331"}],"curies":[{"name":"wp","href":"https:\/\/api.w.org\/{rel}","templated":true}]}}