{"id":1323,"date":"2012-12-15T14:33:52","date_gmt":"2012-12-15T13:33:52","guid":{"rendered":"http:\/\/www.asociacionecas.es\/?p=1323"},"modified":"2012-12-15T14:33:52","modified_gmt":"2012-12-15T13:33:52","slug":"festival-de-navidad-2012","status":"publish","type":"post","link":"http:\/\/www.asociacionecas.es\/?p=1323","title":{"rendered":"Festival de Navidad 2012"},"content":{"rendered":"<p>Un a\u00f1o m\u00e1s vamos a celebrar juntos los Ecas la llegada de la Navidad con un Festival en el que participaremos todos aportando villancicos e incluso 2 teatros protagonizados por los m\u00e1s peque\u00f1os del movimiento.<\/p>\n<p>Os esperamos<img decoding=\"async\" loading=\"lazy\" class=\"alignleft size-thumbnail wp-image-1324\" title=\"navidad2012\" src=\"http:\/\/www.asociacionecas.es\/wp-content\/uploads\/2012\/12\/navidad2012-150x150.jpg\" alt=\"\" width=\"150\" height=\"150\" \/> a todos para celebrar la venida del Se\u00f1or a nuestros corazones. Vivamolo con Alegr\u00eda.<\/p>\n<p>pd. Este a\u00f1o hemos cambiado de sitio y este ser\u00e1 el CENTRO DE MAYORES de los Mediterraneo en la calle los Picos. no os perd\u00e1is.<\/p>\n","protected":false},"excerpt":{"rendered":"<p>Un a\u00f1o m\u00e1s vamos a celebrar juntos los Ecas la llegada de la Navidad con un Festival en el que participaremos todos aportando villancicos e incluso 2 teatros protagonizados por los m\u00e1s peque\u00f1os del movimiento. Os esperamos a todos para &hellip; <a href=\"http:\/\/www.asociacionecas.es\/?p=1323\">Sigue leyendo <span class=\"meta-nav\">&rarr;<\/span><\/a><\/p>\n","protected":false},"author":1,"featured_media":0,"comment_status":"open","ping_status":"open","sticky":false,"template":"","format":"standard","meta":[],"categories":[1],"tags":[],"_links":{"self":[{"href":"http:\/\/www.asociacionecas.es\/index.php?rest_route=\/wp\/v2\/posts\/1323"}],"collection":[{"href":"http:\/\/www.asociacionecas.es\/index.php?rest_route=\/wp\/v2\/posts"}],"about":[{"href":"http:\/\/www.asociacionecas.es\/index.php?rest_route=\/wp\/v2\/types\/post"}],"author":[{"embeddable":true,"href":"http:\/\/www.asociacionecas.es\/index.php?rest_route=\/wp\/v2\/users\/1"}],"replies":[{"embeddable":true,"href":"http:\/\/www.asociacionecas.es\/index.php?rest_route=%2Fwp%2Fv2%2Fcomments&post=1323"}],"version-history":[{"count":2,"href":"http:\/\/www.asociacionecas.es\/index.php?rest_route=\/wp\/v2\/posts\/1323\/revisions"}],"predecessor-version":[{"id":1326,"href":"http:\/\/www.asociacionecas.es\/index.php?rest_route=\/wp\/v2\/posts\/1323\/revisions\/1326"}],"wp:attachment":[{"href":"http:\/\/www.asociacionecas.es\/index.php?rest_route=%2Fwp%2Fv2%2Fmedia&parent=1323"}],"wp:term":[{"taxonomy":"category","embeddable":true,"href":"http:\/\/www.asociacionecas.es\/index.php?rest_route=%2Fwp%2Fv2%2Fcategories&post=1323"},{"taxonomy":"post_tag","embeddable":true,"href":"http:\/\/www.asociacionecas.es\/index.php?rest_route=%2Fwp%2Fv2%2Ftags&post=1323"}],"curies":[{"name":"wp","href":"https:\/\/api.w.org\/{rel}","templated":true}]}}