{"id":1254,"date":"2012-12-02T23:58:08","date_gmt":"2012-12-02T22:58:08","guid":{"rendered":"http:\/\/www.asociacionecas.es\/?p=1254"},"modified":"2012-12-03T16:26:26","modified_gmt":"2012-12-03T15:26:26","slug":"2a-oracion-general-para-todos-los-ecas","status":"publish","type":"post","link":"http:\/\/www.asociacionecas.es\/?p=1254","title":{"rendered":"2\u00aa Oraci\u00f3n General para todos los Ecas"},"content":{"rendered":"<p>El pr\u00f3xim<img decoding=\"async\" loading=\"lazy\" class=\"alignleft size-medium wp-image-1255\" title=\"images\" src=\"http:\/\/www.asociacionecas.es\/wp-content\/uploads\/2012\/12\/images-133x300.jpg\" alt=\"\" width=\"159\" height=\"358\" srcset=\"http:\/\/www.asociacionecas.es\/wp-content\/uploads\/2012\/12\/images-133x300.jpg 133w, http:\/\/www.asociacionecas.es\/wp-content\/uploads\/2012\/12\/images.jpg 150w\" sizes=\"(max-width: 159px) 100vw, 159px\" \/>o miercoles, dia 5 de Diciembre, a las 21:30 horas (9:30 de la noche) tendremos la segunda Oraci\u00f3n General para todos los grupos de Ecas. En esta ocasi\u00f3n la dirigir\u00e1 Jose Miguel, que como todos sabemos se esmerar\u00e1 para que salga estupendamente.<\/p>\n<p>Ser\u00e1 una buena preparaci\u00f3n para el ADVIENTO.<\/p>\n<p>Desde aqu\u00ed Jose Miguel nos anima a participar a todos. Esperamos tu participaci\u00f3n activa en la misma, \u00a1\u00a1nos vemos el miercoles!! \u00a1\u00a1\u00e1nimo!!<\/p>\n","protected":false},"excerpt":{"rendered":"<p>El pr\u00f3ximo miercoles, dia 5 de Diciembre, a las 21:30 horas (9:30 de la noche) tendremos la segunda Oraci\u00f3n General para todos los grupos de Ecas. En esta ocasi\u00f3n la dirigir\u00e1 Jose Miguel, que como todos sabemos se esmerar\u00e1 para &hellip; <a href=\"http:\/\/www.asociacionecas.es\/?p=1254\">Sigue leyendo <span class=\"meta-nav\">&rarr;<\/span><\/a><\/p>\n","protected":false},"author":1,"featured_media":0,"comment_status":"open","ping_status":"open","sticky":false,"template":"","format":"standard","meta":[],"categories":[1],"tags":[],"_links":{"self":[{"href":"http:\/\/www.asociacionecas.es\/index.php?rest_route=\/wp\/v2\/posts\/1254"}],"collection":[{"href":"http:\/\/www.asociacionecas.es\/index.php?rest_route=\/wp\/v2\/posts"}],"about":[{"href":"http:\/\/www.asociacionecas.es\/index.php?rest_route=\/wp\/v2\/types\/post"}],"author":[{"embeddable":true,"href":"http:\/\/www.asociacionecas.es\/index.php?rest_route=\/wp\/v2\/users\/1"}],"replies":[{"embeddable":true,"href":"http:\/\/www.asociacionecas.es\/index.php?rest_route=%2Fwp%2Fv2%2Fcomments&post=1254"}],"version-history":[{"count":6,"href":"http:\/\/www.asociacionecas.es\/index.php?rest_route=\/wp\/v2\/posts\/1254\/revisions"}],"predecessor-version":[{"id":1260,"href":"http:\/\/www.asociacionecas.es\/index.php?rest_route=\/wp\/v2\/posts\/1254\/revisions\/1260"}],"wp:attachment":[{"href":"http:\/\/www.asociacionecas.es\/index.php?rest_route=%2Fwp%2Fv2%2Fmedia&parent=1254"}],"wp:term":[{"taxonomy":"category","embeddable":true,"href":"http:\/\/www.asociacionecas.es\/index.php?rest_route=%2Fwp%2Fv2%2Fcategories&post=1254"},{"taxonomy":"post_tag","embeddable":true,"href":"http:\/\/www.asociacionecas.es\/index.php?rest_route=%2Fwp%2Fv2%2Ftags&post=1254"}],"curies":[{"name":"wp","href":"https:\/\/api.w.org\/{rel}","templated":true}]}}