{"id":123,"date":"2012-04-15T23:24:11","date_gmt":"2012-04-15T22:24:11","guid":{"rendered":"http:\/\/87.216.216.228\/?p=123"},"modified":"2012-09-10T20:11:33","modified_gmt":"2012-09-10T19:11:33","slug":"baile-carmen","status":"publish","type":"post","link":"http:\/\/www.asociacionecas.es\/?p=123","title":{"rendered":"Fin de semana del Grupo Viernes en Castril"},"content":{"rendered":"<p>Este fin de semana del 14 y 15 de Abril hemos estado el grupo viernes de convivencia en un bonito pueblo llamado Castril en la provincia de Granada. Os aconsejamos a todos que vay\u00e1is a verlo pues merece la pena y lo pasareis muy bien en compa\u00f1\u00eda de buenos compa\u00f1eros y amigos. Aqu\u00ed os dejamos unas fotos de este entra\u00f1able lugar.<\/p>\n<p><a href=\"http:\/\/lh4.ggpht.com\/-2GtkeYiDN9U\/T4s8zTYXiqI\/AAAAAAAABBg\/yBe8QKesuco\/s1600-h\/SAM_0394%25255B2%25255D.jpg\"><img decoding=\"async\" loading=\"lazy\" title=\"SAM_0394\" src=\"http:\/\/lh3.ggpht.com\/-5ETCkdtiSXY\/T4s800NI3jI\/AAAAAAAABBo\/asL4L6tyYuY\/SAM_0394_thumb.jpg?imgmax=800\" alt=\"SAM_0394\" width=\"244\" height=\"139\" border=\"0\" \/><\/a><\/p>\n<p><a href=\"https:\/\/picasaweb.google.com\/114764786558455124701\/FinDeSemanaEnCastril14Y15Abril2012?authkey=Gv1sRgCK6K-KHAxpSJUA#slideshow\/5731732737553100562\">Fotos del Grupo en Castril<\/a><\/p>\n","protected":false},"excerpt":{"rendered":"<p>Este fin de semana del 14 y 15 de Abril hemos estado el grupo viernes de convivencia en un bonito pueblo llamado Castril en la provincia de Granada. Os aconsejamos a todos que vay\u00e1is a verlo pues merece la pena &hellip; <a href=\"http:\/\/www.asociacionecas.es\/?p=123\">Sigue leyendo <span class=\"meta-nav\">&rarr;<\/span><\/a><\/p>\n","protected":false},"author":1,"featured_media":0,"comment_status":"closed","ping_status":"open","sticky":false,"template":"","format":"standard","meta":[],"categories":[1],"tags":[],"_links":{"self":[{"href":"http:\/\/www.asociacionecas.es\/index.php?rest_route=\/wp\/v2\/posts\/123"}],"collection":[{"href":"http:\/\/www.asociacionecas.es\/index.php?rest_route=\/wp\/v2\/posts"}],"about":[{"href":"http:\/\/www.asociacionecas.es\/index.php?rest_route=\/wp\/v2\/types\/post"}],"author":[{"embeddable":true,"href":"http:\/\/www.asociacionecas.es\/index.php?rest_route=\/wp\/v2\/users\/1"}],"replies":[{"embeddable":true,"href":"http:\/\/www.asociacionecas.es\/index.php?rest_route=%2Fwp%2Fv2%2Fcomments&post=123"}],"version-history":[{"count":6,"href":"http:\/\/www.asociacionecas.es\/index.php?rest_route=\/wp\/v2\/posts\/123\/revisions"}],"predecessor-version":[{"id":126,"href":"http:\/\/www.asociacionecas.es\/index.php?rest_route=\/wp\/v2\/posts\/123\/revisions\/126"}],"wp:attachment":[{"href":"http:\/\/www.asociacionecas.es\/index.php?rest_route=%2Fwp%2Fv2%2Fmedia&parent=123"}],"wp:term":[{"taxonomy":"category","embeddable":true,"href":"http:\/\/www.asociacionecas.es\/index.php?rest_route=%2Fwp%2Fv2%2Fcategories&post=123"},{"taxonomy":"post_tag","embeddable":true,"href":"http:\/\/www.asociacionecas.es\/index.php?rest_route=%2Fwp%2Fv2%2Ftags&post=123"}],"curies":[{"name":"wp","href":"https:\/\/api.w.org\/{rel}","templated":true}]}}