{"id":1219,"date":"2012-10-29T22:33:26","date_gmt":"2012-10-29T21:33:26","guid":{"rendered":"http:\/\/87.216.216.228\/?p=1219"},"modified":"2012-11-01T23:21:58","modified_gmt":"2012-11-01T22:21:58","slug":"primera-oracion-general-para-todos-los-grupos","status":"publish","type":"post","link":"http:\/\/www.asociacionecas.es\/?p=1219","title":{"rendered":"Primera Oraci\u00f3n General para todos los grupos"},"content":{"rendered":"<p>Como se qued\u00f3 en la reuni\u00f3n de Responsables, el Grupo Jueves ha organizado la Primera Oraci\u00f3n me<a href=\"http:\/\/87.216.216.228\/wp-content\/uploads\/2012\/10\/oracion.jpg\"><img decoding=\"async\" loading=\"lazy\" class=\"alignleft size-full wp-image-1220\" title=\"oracion\" src=\"http:\/\/87.216.216.228\/wp-content\/uploads\/2012\/10\/oracion.jpg\" alt=\"\" width=\"165\" height=\"224\" \/><\/a>nsual que tendra lugar el pr\u00f3ximo <strong>\u00abMIERCOLES DIA 7 DE NOVIEMBRE DE 9:30 A 10:30 DE LA NOCHE<\/strong>\u00bb en la Capilla de los Pisos. Es muy importante que nos unamos todos los que podamos en la Oraci\u00f3n pues as\u00ed aumentaremos nuestra Fe en el Se\u00f1or y la uni\u00f3n fraternal entre todos los grupos de ECAS. \u00a1Te esperamos!<\/p>\n<p>&nbsp;<\/p>\n","protected":false},"excerpt":{"rendered":"<p>Como se qued\u00f3 en la reuni\u00f3n de Responsables, el Grupo Jueves ha organizado la Primera Oraci\u00f3n mensual que tendra lugar el pr\u00f3ximo \u00abMIERCOLES DIA 7 DE NOVIEMBRE DE 9:30 A 10:30 DE LA NOCHE\u00bb en la Capilla de los Pisos. &hellip; <a href=\"http:\/\/www.asociacionecas.es\/?p=1219\">Sigue leyendo <span class=\"meta-nav\">&rarr;<\/span><\/a><\/p>\n","protected":false},"author":1,"featured_media":0,"comment_status":"open","ping_status":"open","sticky":false,"template":"","format":"standard","meta":[],"categories":[1],"tags":[],"_links":{"self":[{"href":"http:\/\/www.asociacionecas.es\/index.php?rest_route=\/wp\/v2\/posts\/1219"}],"collection":[{"href":"http:\/\/www.asociacionecas.es\/index.php?rest_route=\/wp\/v2\/posts"}],"about":[{"href":"http:\/\/www.asociacionecas.es\/index.php?rest_route=\/wp\/v2\/types\/post"}],"author":[{"embeddable":true,"href":"http:\/\/www.asociacionecas.es\/index.php?rest_route=\/wp\/v2\/users\/1"}],"replies":[{"embeddable":true,"href":"http:\/\/www.asociacionecas.es\/index.php?rest_route=%2Fwp%2Fv2%2Fcomments&post=1219"}],"version-history":[{"count":5,"href":"http:\/\/www.asociacionecas.es\/index.php?rest_route=\/wp\/v2\/posts\/1219\/revisions"}],"predecessor-version":[{"id":1225,"href":"http:\/\/www.asociacionecas.es\/index.php?rest_route=\/wp\/v2\/posts\/1219\/revisions\/1225"}],"wp:attachment":[{"href":"http:\/\/www.asociacionecas.es\/index.php?rest_route=%2Fwp%2Fv2%2Fmedia&parent=1219"}],"wp:term":[{"taxonomy":"category","embeddable":true,"href":"http:\/\/www.asociacionecas.es\/index.php?rest_route=%2Fwp%2Fv2%2Fcategories&post=1219"},{"taxonomy":"post_tag","embeddable":true,"href":"http:\/\/www.asociacionecas.es\/index.php?rest_route=%2Fwp%2Fv2%2Ftags&post=1219"}],"curies":[{"name":"wp","href":"https:\/\/api.w.org\/{rel}","templated":true}]}}