{"id":1206,"date":"2012-10-17T23:29:56","date_gmt":"2012-10-17T21:29:56","guid":{"rendered":"http:\/\/87.216.216.228\/?p=1206"},"modified":"2012-10-17T23:29:56","modified_gmt":"2012-10-17T21:29:56","slug":"reunion-de-responsables-de-grupo-de-ecas","status":"publish","type":"post","link":"http:\/\/www.asociacionecas.es\/?p=1206","title":{"rendered":"Reuni\u00f3n de Responsables de Grupo de ECAS"},"content":{"rendered":"<p>El pasado dia 11 de Octubre se tuvo la Reuni\u00f3n anual de \u00abResponsables de Grupo\u00bb y en la cual entre otras se obtuvieron unas conclusiones de las que Dori nos hace el siguiente resumen:<\/p>\n<p><em><a href=\"http:\/\/87.216.216.228\/wp-content\/uploads\/2012\/10\/LOGOECAS.jpg\"><img decoding=\"async\" loading=\"lazy\" class=\"alignleft  wp-image-1207\" title=\"LOGOECAS\" src=\"http:\/\/87.216.216.228\/wp-content\/uploads\/2012\/10\/LOGOECAS-300x285.jpg\" alt=\"\" width=\"174\" height=\"166\" srcset=\"http:\/\/www.asociacionecas.es\/wp-content\/uploads\/2012\/10\/LOGOECAS-300x285.jpg 300w, http:\/\/www.asociacionecas.es\/wp-content\/uploads\/2012\/10\/LOGOECAS.jpg 473w\" sizes=\"(max-width: 174px) 100vw, 174px\" \/><\/a>Introducci\u00f3n de D. Jes\u00fas sobre el a\u00f1o de la Fe. La Fe y el Amor es lo que da sentido a todo.<\/em><\/p>\n<p><em>Habr\u00eda que reforzar:<\/em><\/p>\n<p><em>&#8211;\u00a0\u00a0\u00a0\u00a0\u00a0\u00a0 Uni\u00f3n con Cristo: Oraci\u00f3n \/ Evangelio \/ Biblia.<\/em><\/p>\n<p><em>&#8211;\u00a0\u00a0\u00a0\u00a0\u00a0\u00a0 Uni\u00f3n con la Iglesia: Un sacerdote vendr\u00e1 para hablarnos\u00a0 de la Fe.<\/em><\/p>\n<p><em>&#8211;\u00a0\u00a0\u00a0\u00a0\u00a0\u00a0 Uni\u00f3n en el Grupo.<\/em><\/p>\n<p><em>&#8211;\u00a0\u00a0\u00a0\u00a0\u00a0\u00a0 Uni\u00f3n de todos los Grupos.<\/em><\/p>\n<p><em>Lema de ECAS para este curso: \u201c&#8230;Y YO POR MIS OBRAS TE MOSTRAR\u00c9 MI FE\u201d<\/em><\/p>\n<p><em>\u00a0<\/em><\/p>\n<p><em>Se hicieron distintas propuestas:<\/em><\/p>\n<p><em>. Crear un grupo de pastoral donde se elaboren temas para ser trabajados por todos los grupos. Y una carpeta donde se metan todos los temas que cada grupo trabaje. Elaborar tambi\u00e9n una carpeta virtual con temas para trabajar en el grupo.<\/em><\/p>\n<p><em>. Se intentar\u00e1 resucitar los estatutos de ECAS como asociaci\u00f3n, actualizando la inscripci\u00f3n como tal.<\/em><\/p>\n<p><em>. Los j\u00f3venes del grupo de Joaqu\u00edn Conde se van a preparar para la confirmaci\u00f3n en este curso.<\/em><\/p>\n<p><em>. Se propone formar un grupo de oraci\u00f3n los primeros mi\u00e9rcoles de cada mes con la exposici\u00f3n del Sant\u00edsimo, para que podamos asistir miembros de todos los grupos.<\/em><\/p>\n<p><em>. Se har\u00e1 una reuni\u00f3n mensual con los padres de los ni\u00f1os que van a hacer este a\u00f1o la primera comuni\u00f3n. A esa reuni\u00f3n se intentar\u00e1 que asistan algunos miembros de ECAS para contar su experiencia en el movimiento.<\/em><\/p>\n<p><em>. Asumir por escrito el compromiso de manifestar mi fe en una obra concreta, individualmente.<\/em><\/p>\n<p><em>. Visitar otros grupos, e invitar a otros grupos. No son necesarias grandes cosas, solo conocernos un poco m\u00e1s.<\/em><\/p>\n<p><em>Proyecci\u00f3n al exterior de nuestra fe. Plantearnos como.<\/em><\/p>\n<p><em>. Que haya m\u00e1s informaci\u00f3n de los proyectos que cada grupo tiene, y m\u00e1s comunicaci\u00f3n entre los distintos grupos. \u00a0<\/em><\/p>\n<p><em>Buscar \u201cresponsables de grupo\u201d, \u00bfde qu\u00e9 forma? Seguir invitando.<\/em><\/p>\n<p><em>Colaborar con la preparaci\u00f3n de la Cena de la Fundaci\u00f3n, \u00bfC\u00f3mo?<\/em><\/p>\n<p><em>. Regalos para la cena. Ir buscando.<\/em><\/p>\n<p><em>. Venta de Loter\u00eda. Devolver los d\u00e9cimos que no se vendan al menos 5 d\u00edas antes del sorteo.<\/em><\/p>\n<p><em>\u00a0Para hacer las misas de ECAS de los s\u00e1bados m\u00e1s amenas, cada grupo la preparar\u00e1 el segundo s\u00e1bado de cada mes.<\/em><\/p>\n<p><em>El grupo de j\u00f3venes de Conde va a elaborar un plan de voluntariado, ya ir\u00e1n comunicando las actividades que van a hacer por si alguien se quiere unir y echar una mano.<\/em><\/p>\n<p><em>Se venden medallas con el sello de ECAS. Son de plata y cuestan 15 euros, 3 de ellos son para la Fundaci\u00f3n. Interesados preguntar a Conde o a Tom\u00e1s.<\/em><\/p>\n<p><em>\u00a0<\/em><\/p>\n<p><em>\u00a0\u00a0\u00a0\u00a0\u00a0\u00a0\u00a0\u00a0\u00a0\u00a0\u00a0 Como conclusi\u00f3n:<\/em><\/p>\n<p><em>&#8211;\u00a0\u00a0\u00a0\u00a0\u00a0\u00a0 Cada grupo har\u00e1 una o dos visitas a otros grupos durante este curso.<\/em><\/p>\n<p><em>&#8211;\u00a0\u00a0\u00a0\u00a0\u00a0\u00a0 Los primeros mi\u00e9rcoles de cada mes, oraci\u00f3n, ya se dir\u00e1 la hora.<\/em><\/p>\n<p><em>&#8211;\u00a0\u00a0\u00a0\u00a0\u00a0\u00a0 Cada miembro del grupo se compromete a algo personalmente para manifestar su fe. Puede hacerlo p\u00fablico o no.<\/em><\/p>\n<p><em>&#8211;\u00a0\u00a0\u00a0\u00a0\u00a0\u00a0 Se forma el grupo de pastoral con una persona de cada grupo. Se elegir\u00e1 a un responsable de pastoral.<\/em><\/p>\n<p><em>&#8211;\u00a0\u00a0\u00a0\u00a0\u00a0\u00a0 Una vez al mes vendr\u00e1 un sacerdote para hablarnos de la Fe, y pasar\u00e1 por cada uno de los grupos.<\/em><\/p>\n<p><em>&#8211;\u00a0\u00a0\u00a0\u00a0\u00a0\u00a0 Si alguien quiere ser monitor de un grupo que lo comunique.<\/em><\/p>\n<p><em>&#8211;\u00a0\u00a0\u00a0\u00a0\u00a0\u00a0 Se pide mayor implicaci\u00f3n en la campa\u00f1a de alimentos.<\/em><\/p>\n<p><em>&#8211;\u00a0\u00a0\u00a0\u00a0\u00a0\u00a0 Es necesario hacer nuevos socios de la Fundaci\u00f3n.<\/em><\/p>\n","protected":false},"excerpt":{"rendered":"<p>El pasado dia 11 de Octubre se tuvo la Reuni\u00f3n anual de \u00abResponsables de Grupo\u00bb y en la cual entre otras se obtuvieron unas conclusiones de las que Dori nos hace el siguiente resumen: Introducci\u00f3n de D. Jes\u00fas sobre el &hellip; <a href=\"http:\/\/www.asociacionecas.es\/?p=1206\">Sigue leyendo <span class=\"meta-nav\">&rarr;<\/span><\/a><\/p>\n","protected":false},"author":1,"featured_media":0,"comment_status":"open","ping_status":"open","sticky":false,"template":"","format":"standard","meta":[],"categories":[1],"tags":[],"_links":{"self":[{"href":"http:\/\/www.asociacionecas.es\/index.php?rest_route=\/wp\/v2\/posts\/1206"}],"collection":[{"href":"http:\/\/www.asociacionecas.es\/index.php?rest_route=\/wp\/v2\/posts"}],"about":[{"href":"http:\/\/www.asociacionecas.es\/index.php?rest_route=\/wp\/v2\/types\/post"}],"author":[{"embeddable":true,"href":"http:\/\/www.asociacionecas.es\/index.php?rest_route=\/wp\/v2\/users\/1"}],"replies":[{"embeddable":true,"href":"http:\/\/www.asociacionecas.es\/index.php?rest_route=%2Fwp%2Fv2%2Fcomments&post=1206"}],"version-history":[{"count":2,"href":"http:\/\/www.asociacionecas.es\/index.php?rest_route=\/wp\/v2\/posts\/1206\/revisions"}],"predecessor-version":[{"id":1209,"href":"http:\/\/www.asociacionecas.es\/index.php?rest_route=\/wp\/v2\/posts\/1206\/revisions\/1209"}],"wp:attachment":[{"href":"http:\/\/www.asociacionecas.es\/index.php?rest_route=%2Fwp%2Fv2%2Fmedia&parent=1206"}],"wp:term":[{"taxonomy":"category","embeddable":true,"href":"http:\/\/www.asociacionecas.es\/index.php?rest_route=%2Fwp%2Fv2%2Fcategories&post=1206"},{"taxonomy":"post_tag","embeddable":true,"href":"http:\/\/www.asociacionecas.es\/index.php?rest_route=%2Fwp%2Fv2%2Ftags&post=1206"}],"curies":[{"name":"wp","href":"https:\/\/api.w.org\/{rel}","templated":true}]}}