{"id":1048,"date":"2012-09-20T23:35:13","date_gmt":"2012-09-20T21:35:13","guid":{"rendered":"http:\/\/87.216.216.228\/?p=1048"},"modified":"2012-09-25T23:52:28","modified_gmt":"2012-09-25T21:52:28","slug":"viaje-convivencia-comienzo-de-curso-2012-2013","status":"publish","type":"post","link":"http:\/\/www.asociacionecas.es\/?p=1048","title":{"rendered":"Viaje Convivencia Comienzo de Curso 2012-2013"},"content":{"rendered":"<p>Queridos hermanos en ECAS:<\/p>\n<p>Este a\u00f1o como comienzo de curso tendremos la Convivencia En <strong>PILAS provincia de SEVILLA<\/strong>, donde conviviremos j\u00f3venes y mayores de all\u00ed.<\/p>\n<p>La salida ser\u00e1 el <strong>28 de Septiembre , Viernes, a las 3:45 de la tarde<\/strong> desde la Rambla Federico Garc\u00eda Lorca en la puerta de La Salle.<\/p>\n<p>Comeremos en el camino antes de llegar con el bocadillo que nos llevemos.<\/p>\n<p>El s\u00e1bado tenemos en la casa de Pilas la Convivencia.<\/p>\n<p><a href=\"http:\/\/87.216.216.228\/wp-content\/uploads\/2012\/09\/rocio.jpeg\"><img decoding=\"async\" loading=\"lazy\" class=\"alignleft size-full wp-image-1050\" title=\"rocio\" src=\"http:\/\/87.216.216.228\/wp-content\/uploads\/2012\/09\/rocio.jpeg\" alt=\"\" width=\"194\" height=\"259\" \/><\/a>El Domingo vamos al Roc\u00edo para ver la Capilla de la Virgen y las marismas. Luego vamos a Almonte donde est\u00e1 la Virgen y despu\u00e9s vamos a la Palma del Condado donde veremos algunas cosas interesantes.<\/p>\n<p>La aportaci\u00f3n o ayuda es de\u00a0 <strong>90 \u20ac<\/strong>.<\/p>\n<p><strong>\u00a0\u00a0\u00a0\u00a0\u00a0\u00a0\u00a0\u00a0\u00a0\u00a0\u00a0 <\/strong>Es una buena ocasi\u00f3n de conocer personas de otros grupos y hacer nuevas amistades con los j\u00f3venes de Sevilla.<strong> <\/strong>Para cualquier consulta o aclaraci\u00f3n, mi tel\u00e9fono es<\/p>\n<p><strong>950237125\u00a0<em> Jes\u00fas Peregr\u00edn Mula <\/em><\/strong><\/p>\n<p><strong><em>o<\/em><\/strong> bien puedes enviar este<em><\/em><strong><em><a title=\"Formulario para Inscripcion Viaje a Pias (Sevilla) 28 de Septiembre de 2012\" href=\"http:\/\/87.216.216.228\/?page_id=516\"> formulario de inscripci\u00f3n\/contacto<\/a><br \/>\n<\/em><\/strong><\/p>\n","protected":false},"excerpt":{"rendered":"<p>Queridos hermanos en ECAS: Este a\u00f1o como comienzo de curso tendremos la Convivencia En PILAS provincia de SEVILLA, donde conviviremos j\u00f3venes y mayores de all\u00ed. La salida ser\u00e1 el 28 de Septiembre , Viernes, a las 3:45 de la tarde &hellip; <a href=\"http:\/\/www.asociacionecas.es\/?p=1048\">Sigue leyendo <span class=\"meta-nav\">&rarr;<\/span><\/a><\/p>\n","protected":false},"author":1,"featured_media":0,"comment_status":"open","ping_status":"closed","sticky":false,"template":"","format":"standard","meta":[],"categories":[1],"tags":[],"_links":{"self":[{"href":"http:\/\/www.asociacionecas.es\/index.php?rest_route=\/wp\/v2\/posts\/1048"}],"collection":[{"href":"http:\/\/www.asociacionecas.es\/index.php?rest_route=\/wp\/v2\/posts"}],"about":[{"href":"http:\/\/www.asociacionecas.es\/index.php?rest_route=\/wp\/v2\/types\/post"}],"author":[{"embeddable":true,"href":"http:\/\/www.asociacionecas.es\/index.php?rest_route=\/wp\/v2\/users\/1"}],"replies":[{"embeddable":true,"href":"http:\/\/www.asociacionecas.es\/index.php?rest_route=%2Fwp%2Fv2%2Fcomments&post=1048"}],"version-history":[{"count":9,"href":"http:\/\/www.asociacionecas.es\/index.php?rest_route=\/wp\/v2\/posts\/1048\/revisions"}],"predecessor-version":[{"id":1056,"href":"http:\/\/www.asociacionecas.es\/index.php?rest_route=\/wp\/v2\/posts\/1048\/revisions\/1056"}],"wp:attachment":[{"href":"http:\/\/www.asociacionecas.es\/index.php?rest_route=%2Fwp%2Fv2%2Fmedia&parent=1048"}],"wp:term":[{"taxonomy":"category","embeddable":true,"href":"http:\/\/www.asociacionecas.es\/index.php?rest_route=%2Fwp%2Fv2%2Fcategories&post=1048"},{"taxonomy":"post_tag","embeddable":true,"href":"http:\/\/www.asociacionecas.es\/index.php?rest_route=%2Fwp%2Fv2%2Ftags&post=1048"}],"curies":[{"name":"wp","href":"https:\/\/api.w.org\/{rel}","templated":true}]}}